{"id":927,"date":"2016-01-15T22:07:05","date_gmt":"2016-01-15T22:07:05","guid":{"rendered":"http:\/\/eticaeconomiafratelvittorino.it\/?p=927"},"modified":"2016-01-15T22:07:05","modified_gmt":"2016-01-15T22:07:05","slug":"testimonianza-di-un-giovane","status":"publish","type":"post","link":"https:\/\/eticaeconomiafratelvittorino.it\/?p=927","title":{"rendered":"Testimonianza di un giovane"},"content":{"rendered":"<p>Al Festival della Dottrina Sociale ci sono state diverse proposte alle quali\u00a0 io e altri giovani dello Spazio Fiorito Mariano abbiamo aderito.<br \/>\nAll&#8217;interno di Job&amp;Orienta, fiera di spicco in Italia dedicata all&#8217;orientamento giovanile, il Festival ha usufruito di un ampio spazio dove sono state ospitate 13 imprese Profit e 20 imprese no Profit, che nel loro lavoro hanno <strong>messo al centro la persona e si spendono per i bisogni della comunit\u00e0<\/strong>.<!--more--><\/p>\n<p>Noi giovani abbiamo aiutato i ragazzi in visita alla fiera a non perdere la ricca occasione di incontrare imprenditori e collaboratori, che hanno illustrato come sono nate le loro realt\u00e0 aziendali e su quali valori si fondano e, soprattutto, si sono messi in ascolto delle numerose domande dei ragazzi sul loro futuro, fornendo utili spunti e consigli.<br \/>\nQuesta esperienza ha evidenziato la volont\u00e0 da parte degli imprenditori di parlare a noi giovani, di abbattere quel muro di silenzi o di sofismi che spesso ci lascia senza bussola, di \u00a0instaurare un dialogo dove anche noi possiamo sentirci protagonisti, in altre parole: <strong>ci \u00e8 stato dato valore<\/strong>.<br \/>\nL&#8217;idea vincente \u00e8 stata quella di responsabilizzare noi Giovani come &#8220;Ponti&#8221; tra imprenditori e ragazzi, accompagnandoli tra percorsi guidati e workshop, mettendoci in gioco noi per primi.<br \/>\nUn Giovane che va in contro a un altro Giovane ha un impatto pi\u00f9 ravvicinato e rassicurante, a partire dal linguaggio stesso.<br \/>\nCome sempre accade,\u00a0<strong>da un servizio reso si riceve sempre pi\u00f9 di quello che si dona<\/strong>; infatti, guidati dagli organizzatori del Festival, abbiamo avuto l&#8217;opportunit\u00e0 di creare rete tra noi, di responsabilizzarci e riflettere sulle potenzialit\u00e0 che abbiamo.<br \/>\nSi \u00e8 sottolineato spesso che si pu\u00f2 <strong>guardare al lavoro con uno sguardo sociale che dando centralit\u00e0 alla persona \u00a0non solo crea valore per la comunit\u00e0 ma pu\u00f2 diventare proficuo<\/strong>.<br \/>\nLe opportunit\u00e0 sono molte se si trova il coraggio di cambiar prospettiva.<br \/>\nE&#8217; stata una sorpresa scoprire come il messaggio evangelico possa essere vissuto e ben integrato in molte imprese.<\/p>\n<p>&nbsp;<\/p>\n<p><strong>\u00a0\u00a0\u00a0\u00a0\u00a0\u00a0\u00a0\u00a0\u00a0\u00a0\u00a0\u00a0\u00a0\u00a0\u00a0\u00a0\u00a0\u00a0\u00a0\u00a0\u00a0\u00a0\u00a0\u00a0\u00a0\u00a0\u00a0\u00a0\u00a0\u00a0\u00a0\u00a0\u00a0\u00a0\u00a0\u00a0\u00a0\u00a0\u00a0\u00a0\u00a0\u00a0\u00a0\u00a0\u00a0\u00a0\u00a0\u00a0\u00a0\u00a0\u00a0\u00a0\u00a0\u00a0\u00a0\u00a0\u00a0\u00a0\u00a0\u00a0\u00a0\u00a0\u00a0\u00a0\u00a0\u00a0\u00a0\u00a0\u00a0\u00a0\u00a0\u00a0\u00a0\u00a0\u00a0\u00a0\u00a0\u00a0\u00a0\u00a0\u00a0\u00a0\u00a0\u00a0\u00a0\u00a0\u00a0\u00a0\u00a0\u00a0\u00a0\u00a0\u00a0\u00a0\u00a0\u00a0\u00a0\u00a0\u00a0\u00a0\u00a0\u00a0\u00a0\u00a0\u00a0\u00a0\u00a0\u00a0\u00a0\u00a0\u00a0\u00a0\u00a0\u00a0\u00a0\u00a0\u00a0\u00a0\u00a0\u00a0\u00a0\u00a0\u00a0\u00a0\u00a0\u00a0 Michele <\/strong><\/p>\n<p><strong>\u00a0<\/strong><\/p>\n","protected":false},"excerpt":{"rendered":"<p>Al Festival della Dottrina Sociale ci sono state diverse proposte alle quali\u00a0 io e altri giovani dello Spazio Fiorito Mariano abbiamo aderito. All&#8217;interno di Job&amp;Orienta, fiera di spicco in Italia dedicata all&#8217;orientamento giovanile, il Festival ha usufruito di un ampio spazio dove sono state ospitate 13 imprese Profit e 20 imprese no Profit, che nel [&hellip;]<\/p>\n","protected":false},"author":1,"featured_media":0,"comment_status":"closed","ping_status":"closed","sticky":false,"template":"","format":"standard","meta":{"footnotes":""},"categories":[13],"tags":[],"_links":{"self":[{"href":"https:\/\/eticaeconomiafratelvittorino.it\/index.php?rest_route=\/wp\/v2\/posts\/927"}],"collection":[{"href":"https:\/\/eticaeconomiafratelvittorino.it\/index.php?rest_route=\/wp\/v2\/posts"}],"about":[{"href":"https:\/\/eticaeconomiafratelvittorino.it\/index.php?rest_route=\/wp\/v2\/types\/post"}],"author":[{"embeddable":true,"href":"https:\/\/eticaeconomiafratelvittorino.it\/index.php?rest_route=\/wp\/v2\/users\/1"}],"replies":[{"embeddable":true,"href":"https:\/\/eticaeconomiafratelvittorino.it\/index.php?rest_route=%2Fwp%2Fv2%2Fcomments&post=927"}],"version-history":[{"count":1,"href":"https:\/\/eticaeconomiafratelvittorino.it\/index.php?rest_route=\/wp\/v2\/posts\/927\/revisions"}],"predecessor-version":[{"id":928,"href":"https:\/\/eticaeconomiafratelvittorino.it\/index.php?rest_route=\/wp\/v2\/posts\/927\/revisions\/928"}],"wp:attachment":[{"href":"https:\/\/eticaeconomiafratelvittorino.it\/index.php?rest_route=%2Fwp%2Fv2%2Fmedia&parent=927"}],"wp:term":[{"taxonomy":"category","embeddable":true,"href":"https:\/\/eticaeconomiafratelvittorino.it\/index.php?rest_route=%2Fwp%2Fv2%2Fcategories&post=927"},{"taxonomy":"post_tag","embeddable":true,"href":"https:\/\/eticaeconomiafratelvittorino.it\/index.php?rest_route=%2Fwp%2Fv2%2Ftags&post=927"}],"curies":[{"name":"wp","href":"https:\/\/api.w.org\/{rel}","templated":true}]}}