{"id":822,"date":"2015-04-07T07:57:57","date_gmt":"2015-04-07T07:57:57","guid":{"rendered":"http:\/\/eticaeconomiafratelvittorino.it\/?p=822"},"modified":"2015-04-07T14:13:25","modified_gmt":"2015-04-07T14:13:25","slug":"innovazione-e-creativita-nuove-proposte-per-giovani-e-imprese","status":"publish","type":"post","link":"https:\/\/eticaeconomiafratelvittorino.it\/?p=822","title":{"rendered":"Innovazione e Creativit\u00e0: Nuove proposte per Giovani e Imprese"},"content":{"rendered":"<p><a href=\"http:\/\/eticaeconomiafratelvittorino.it\/wp-content\/uploads\/2015\/04\/Immagine-articolo-4-marzo.jpg\"><img decoding=\"async\" loading=\"lazy\" class=\"aligncenter wp-image-838 size-medium\" src=\"http:\/\/eticaeconomiafratelvittorino.it\/wp-content\/uploads\/2015\/04\/Immagine-articolo-4-marzo-300x185.jpg\" alt=\"Immagine articolo 4 marzo\" width=\"300\" height=\"185\" srcset=\"https:\/\/eticaeconomiafratelvittorino.it\/wp-content\/uploads\/2015\/04\/Immagine-articolo-4-marzo-300x185.jpg 300w, https:\/\/eticaeconomiafratelvittorino.it\/wp-content\/uploads\/2015\/04\/Immagine-articolo-4-marzo-1024x633.jpg 1024w, https:\/\/eticaeconomiafratelvittorino.it\/wp-content\/uploads\/2015\/04\/Immagine-articolo-4-marzo-624x386.jpg 624w\" sizes=\"(max-width: 300px) 100vw, 300px\" \/><\/a><\/p>\n<p>Dopo il IV\u00b0 Festival della dottrina sociale della Chiesa, svoltasi a Verona\u00a0 dal 20 al 23 novembre 2014, ci \u00e8 rimasta impressa l&#8217;esortazione di Papa Francesco di &#8220;prendere l&#8217;iniziativa&#8230;&#8221;. In pratica: non arrendersi alle difficolt\u00e0.<!--more--><br \/>\nQuesta esortazione, fatta da un Papa in tempi di crisi economica e sociale, non pu\u00f2 essere sottovalutata o trattata con sufficienza.<br \/>\nPer questo, come Associazione, abbiamo pensato di mettere in campo diverse iniziative, una delle quali \u00e8 quella di divulgare le esperienze di persone che si sono adoperate e distinte per il coraggio di intraprendere e la creativit\u00e0.<br \/>\nNella realt\u00e0 veronese abbiamo scelto la INNOVAL, la FAB-LAB e l&#8217;impresa start-up PLUMAKE, tutte di Grezzana (Vr).<br \/>\nIl motivo della scelta \u00e8 dovuto al fatto che, prevalentemente, sono organizzazioni concepite per i giovani, per aiutarli a valorizzare le loro capacit\u00e0 con dinamiche di tipo imprenditoriale.<br \/>\nIl giorno 4 marzo 2015, quindi, abbiamo organizzato una serata, presso la Casa Incontri di S.Giacomo di Vago, per dare l&#8217;occasione alle tre organizzazioni di illustrare la loro esperienza.<\/p>\n<div id=\"attachment_827\" style=\"width: 160px\" class=\"wp-caption alignleft\"><a href=\"http:\/\/eticaeconomiafratelvittorino.it\/wp-content\/uploads\/2015\/04\/Serata-incontro-4-Marzo-2015-2.jpg\"><img aria-describedby=\"caption-attachment-827\" decoding=\"async\" loading=\"lazy\" class=\"wp-image-827 size-thumbnail\" src=\"http:\/\/eticaeconomiafratelvittorino.it\/wp-content\/uploads\/2015\/04\/Serata-incontro-4-Marzo-2015-2-150x150.jpg\" alt=\"Don Giacomo Cordioli responsabile dell'Oasi di S.Giacomo\" width=\"150\" height=\"150\" \/><\/a><p id=\"caption-attachment-827\" class=\"wp-caption-text\">Don Giacomo Cordioli &#8211;\u00a0 resp. dell&#8217;Oasi di S.Giacomo<\/p><\/div>\n<p>Il presidente Ermes Bampa ha dato il benvenuto introducendo gli ospiti e proseguendo come moderatore tra i vari interventi.<br \/>\nHa iniziato, quindi, Don Giacomo Cordioli responsabile dell&#8217;Oasi di San Giacomo. Egli ha ricordato, in sintesi, come Fratel Vittorino, oltre ad essere stato un consolatore di anime e un profeta della speranza, abbia avuto il carisma di aggregare giovani, poi divenuti imprenditori, con una formazione al bene comune perch\u00e9\u00a0 desiderosi di operare in un&#8217;ottica di fede.<br \/>\n\u00c8 seguita una breve presentazione dell&#8217;Associazione &#8220;ETICA ED ECONOMIA FRATEL VITTORINO&#8221;, da parte del segretario Flavio Danese, dove \u00e8 stato evidenziato come, negli insegnamenti di Fratel Vittorino, siano state indicate linee guida per la buona gestione dell&#8217; impresa che tiene conto di tutta la catena dei soggetti implicati e delle buone relazioni che devono essere intrattenute tra loro: dirigenti, lavoratori, clienti, fornitori e il territorio in cui opera.<br \/>\nSono indicazioni che poggiano sull&#8217;essere dell&#8217;uomo e il suo destino, sull&#8217;impronta della fede cristiana.<br \/>\nNel libro &#8220;DARE \u00c8 AVERE&#8221;, che si pu\u00f2 leggere su un file che abbiamo messo a disposizione nel nostro sito, c&#8217;\u00e8 il compendio dei suoi pensieri.<br \/>\nSono seguite, quindi, le presentazioni da parte di Fabio Righetti (Plumake), Mattia Zuanni (Fab Lab) e Valentina Garonzi (Presidente Innoval Giovani).<br \/>\nDalla storia di queste tre organizzazioni si pu\u00f2 ricavare l&#8217;evoluzione e la maturazione, da parte di un gruppo di professionisti e imprenditori, dell&#8217;intenzione iniziale di promuovere lo sviluppo territoriale, volto\u00a0 inizialmente alla zona della Lessinia, ma che pu\u00f2 essere applicato, in seguito, come modello in aree pi\u00f9 ampie.<\/p>\n<p>Ecco che nel 2006 nasce INNOVAL, da cui scaturiscono negli anni successivi:<br \/>\n&#8211; INNOVAL YOUNG per la formazione all&#8217;imprenditorialit\u00e0;<br \/>\n&#8211; FAB LAB come luogo di incontro e laboratorio di idee per progetti innovativi;<br \/>\n&#8211; PLUMAKE come azienda start- up che fornisce tecnologie personalizzate;<\/p>\n<p>Le tre organizzazioni, quindi, svolgono una attivit\u00e0 complementare con un progetto che va dall&#8217;idea alla realizzazione pratica.<br \/>\nUna descrizione completa della loro attivit\u00e0 la si pu\u00f2 trovare sui loro siti:<br \/>\n<a title=\"Innoval Young\" href=\"http:\/\/www.innoval.it\/innoval-young\/\">www.innoval.it<\/a> (sezione Innoval Young)<br \/>\n<a title=\"Verona FabLab\" href=\"http:\/\/www.veronafablab.it\">www.veronafablab.it<\/a><br \/>\n<a title=\"Plumake\" href=\"http:\/\/www.plumake.it\">www.plumake.it<\/a><br \/>\nIn questa sede accenniamo solo ad aspetti fondamentali di ciascuna.<\/p>\n<p><strong>INNOVAL YOUNG<\/strong><\/p>\n<p>Ha creato una rete relazionale e una squadra di giovani motivati per le<\/p>\n<div id=\"attachment_831\" style=\"width: 160px\" class=\"wp-caption alignright\"><a href=\"http:\/\/eticaeconomiafratelvittorino.it\/wp-content\/uploads\/2015\/04\/Serata-incontro-4-Marzo-2015-30.jpg\"><img aria-describedby=\"caption-attachment-831\" decoding=\"async\" loading=\"lazy\" class=\"wp-image-831 size-thumbnail\" src=\"http:\/\/eticaeconomiafratelvittorino.it\/wp-content\/uploads\/2015\/04\/Serata-incontro-4-Marzo-2015-30-150x150.jpg\" alt=\"Valentina Garonzi  Presidente Innoval Young\" width=\"150\" height=\"150\" \/><\/a><p id=\"caption-attachment-831\" class=\"wp-caption-text\">Valentina Garonzi\u00a0 Presidente Innoval Young<\/p><\/div>\n<p>iniziative di sviluppo territoriale. Ogni anno si tengono corsi di &#8220;Scuola d&#8217;Impresa&#8221; con un riconoscimento in denaro per il progetto imprenditoriale migliore.<br \/>\nInnoval ha organizzato eventi come la fiera &#8220;Roboval&#8221; dedicata alla robotica e il progetto &#8220;Business game&#8221;, dove ci si allena all&#8217;imprenditoria con la simulazione della gestione d&#8217;azienda.<\/p>\n<p><strong>VERONA FAB LAB<\/strong><\/p>\n<div id=\"attachment_830\" style=\"width: 160px\" class=\"wp-caption alignleft\"><a href=\"http:\/\/eticaeconomiafratelvittorino.it\/wp-content\/uploads\/2015\/04\/Serata-incontro-4-Marzo-2015-26.jpg\"><img aria-describedby=\"caption-attachment-830\" decoding=\"async\" loading=\"lazy\" class=\"wp-image-830 size-thumbnail\" src=\"http:\/\/eticaeconomiafratelvittorino.it\/wp-content\/uploads\/2015\/04\/Serata-incontro-4-Marzo-2015-26-150x150.jpg\" alt=\"Mattia Zuanni Fab-Lab\" width=\"150\" height=\"150\" \/><\/a><p id=\"caption-attachment-830\" class=\"wp-caption-text\">Mattia Zuanni &#8211; Fab-Lab<\/p><\/div>\n<p>Il nome deriva dall&#8217;abbreviazione inglese di &#8220;Fabrication Laboratory&#8221; cio\u00e8 un&#8217;officina\/laboratorio aperta, che offre una serie di macchinari e strumenti di lavoro per trasformare le proprie idee in nuovi prodotti e prototipi.<br \/>\nCome loro si definiscono nel sito sono:<br \/>\n<strong>&#8220;Un luogo di incontro per aziende, scuole e privati per un&#8217;Italia che vuole tornare ad Innovare; un&#8217;officina aperta dove fare nascere progetti innovativi e nuove professionalit\u00e0&#8221;.<\/strong><br \/>\nDi fatto, concretizzano il loro scopo rendendo disponibili agli associati i locali e le attrezzature, organizzando corsi di formazione professionale e programmando eventi.<\/p>\n<p><strong>PLUMAKE<\/strong><\/p>\n<p>Si \u00e8 costituita come Srl e lavora principalmente su due aree:<\/p>\n<div id=\"attachment_829\" style=\"width: 160px\" class=\"wp-caption alignright\"><a href=\"http:\/\/eticaeconomiafratelvittorino.it\/wp-content\/uploads\/2015\/04\/Serata-incontro-4-Marzo-2015-16.jpg\"><img aria-describedby=\"caption-attachment-829\" decoding=\"async\" loading=\"lazy\" class=\"wp-image-829 size-thumbnail\" src=\"http:\/\/eticaeconomiafratelvittorino.it\/wp-content\/uploads\/2015\/04\/Serata-incontro-4-Marzo-2015-16-150x150.jpg\" alt=\"Fabio Righetti Plumake\" width=\"150\" height=\"150\" \/><\/a><p id=\"caption-attachment-829\" class=\"wp-caption-text\">Fabio Righetti &#8211; Plumake<\/p><\/div>\n<p><strong><span style=\"text-decoration: underline;\">Artigianato Digitale<\/span><\/strong> e <span style=\"text-decoration: underline;\"><strong>Tecnologia per le aziende<\/strong><\/span>.<br \/>\nSi occupa di<strong> progettazione<\/strong> e<strong> prototipazione<\/strong> con tecniche digitali (CAD, CAM, stampa 3D, taglio laser, fresatura CN, etc.) e realizza sistemi elettronici ed informatici ad alta tecnologia.<br \/>\n<strong>Plumake<\/strong> si propone alle aziende come partner in grado di<strong> progettare e realizzare<\/strong> soluzioni personalizzate nei campi delle tecnologie elettroniche, informatiche e dell&#8217;automazione industriale.<br \/>\nL&#8217;approccio imprenditoriale di base non \u00e8 la vendita di prodotti ma la ricerca di soluzioni ai problemi aziendali.<br \/>\nNella parte finale dell&#8217;incontro si \u00e8 svolto il dibattito con il pubblico e l&#8217;apprezzamento dei partecipanti si \u00e8 manifestato anche nelle numerose domande fatte agli ospiti relatori.<br \/>\nLa tematica del lavoro giovanile e lo sviluppo economico, volto al bene comune, ci porteranno ad organizzare, come associazione, un prossimo incontro sulla &#8220;Cooperazione&#8221;, quale strumento che ha aiutato nel passato ad affrontare meglio le crisi economiche.<br \/>\nIl successo della serata \u00e8 stato un ulteriore sprone\u00a0 a realizzare\u00a0 il futuro incontro.<\/p>\n<p style=\"text-align: right;\">Danese Flavio<\/p>\n<p>&nbsp;<\/p>\n","protected":false},"excerpt":{"rendered":"<p>Dopo il IV\u00b0 Festival della dottrina sociale della Chiesa, svoltasi a Verona\u00a0 dal 20 al 23 novembre 2014, ci \u00e8 rimasta impressa l&#8217;esortazione di Papa Francesco di &#8220;prendere l&#8217;iniziativa&#8230;&#8221;. In pratica: non arrendersi alle difficolt\u00e0.<\/p>\n","protected":false},"author":1,"featured_media":0,"comment_status":"closed","ping_status":"closed","sticky":false,"template":"","format":"standard","meta":{"footnotes":""},"categories":[13],"tags":[],"_links":{"self":[{"href":"https:\/\/eticaeconomiafratelvittorino.it\/index.php?rest_route=\/wp\/v2\/posts\/822"}],"collection":[{"href":"https:\/\/eticaeconomiafratelvittorino.it\/index.php?rest_route=\/wp\/v2\/posts"}],"about":[{"href":"https:\/\/eticaeconomiafratelvittorino.it\/index.php?rest_route=\/wp\/v2\/types\/post"}],"author":[{"embeddable":true,"href":"https:\/\/eticaeconomiafratelvittorino.it\/index.php?rest_route=\/wp\/v2\/users\/1"}],"replies":[{"embeddable":true,"href":"https:\/\/eticaeconomiafratelvittorino.it\/index.php?rest_route=%2Fwp%2Fv2%2Fcomments&post=822"}],"version-history":[{"count":17,"href":"https:\/\/eticaeconomiafratelvittorino.it\/index.php?rest_route=\/wp\/v2\/posts\/822\/revisions"}],"predecessor-version":[{"id":848,"href":"https:\/\/eticaeconomiafratelvittorino.it\/index.php?rest_route=\/wp\/v2\/posts\/822\/revisions\/848"}],"wp:attachment":[{"href":"https:\/\/eticaeconomiafratelvittorino.it\/index.php?rest_route=%2Fwp%2Fv2%2Fmedia&parent=822"}],"wp:term":[{"taxonomy":"category","embeddable":true,"href":"https:\/\/eticaeconomiafratelvittorino.it\/index.php?rest_route=%2Fwp%2Fv2%2Fcategories&post=822"},{"taxonomy":"post_tag","embeddable":true,"href":"https:\/\/eticaeconomiafratelvittorino.it\/index.php?rest_route=%2Fwp%2Fv2%2Ftags&post=822"}],"curies":[{"name":"wp","href":"https:\/\/api.w.org\/{rel}","templated":true}]}}