{"id":301,"date":"2014-09-10T13:52:06","date_gmt":"2014-09-10T13:52:06","guid":{"rendered":"http:\/\/eticaeconomiafratelvittorino.it\/?p=301"},"modified":"2015-01-14T15:47:11","modified_gmt":"2015-01-14T15:47:11","slug":"facciamo-sorgere-una-nuova-aurora","status":"publish","type":"post","link":"https:\/\/eticaeconomiafratelvittorino.it\/?p=301","title":{"rendered":"Facciamo sorgere una nuova aurora"},"content":{"rendered":"<p><a href=\"http:\/\/eticaeconomiafratelvittorino.it\/wp-content\/uploads\/2014\/09\/Tramonto-e1410788659204.jpg\"><img decoding=\"async\" loading=\"lazy\" class=\"aligncenter wp-image-319 size-large\" src=\"http:\/\/eticaeconomiafratelvittorino.it\/wp-content\/uploads\/2014\/09\/Tramonto-e1410788659204-1024x217.jpg\" alt=\"\" width=\"625\" height=\"132\" srcset=\"https:\/\/eticaeconomiafratelvittorino.it\/wp-content\/uploads\/2014\/09\/Tramonto-e1410788659204-1024x217.jpg 1024w, https:\/\/eticaeconomiafratelvittorino.it\/wp-content\/uploads\/2014\/09\/Tramonto-e1410788659204-300x63.jpg 300w, https:\/\/eticaeconomiafratelvittorino.it\/wp-content\/uploads\/2014\/09\/Tramonto-e1410788659204-624x132.jpg 624w\" sizes=\"(max-width: 625px) 100vw, 625px\" \/><\/a><\/p>\n<p>In un momento difficile per il mondo, dentro una crisi economica drammatica, occorre non dare pi\u00f9 credito alla notte, ma<span class=\"apple-converted-space\">\u00a0<\/span><strong>investire sulla luce, sull&#8217;aurora<\/strong>. Bisogna preparare l&#8217;aurora, diventare consapevoli che, anche se il sole non \u00e8 ancora alto, la sua luce gi\u00e0 risplende.<span class=\"apple-converted-space\">\u00a0<\/span><strong>Dobbiamo predisporre lo spazio, perch\u00e9 il sole torni a sorgere.<\/strong> <!--more--> Con questi presupposti si \u00e8 svolto il &#8220;2\u00b0 Festival sociale della Chiesa&#8221; (D.S.C), svoltasi a Verona al termine del 2012. Molti componenti dell&#8217; &#8220;Associazione Etica ed Economia &#8211; Fratel Vittorino&#8221; hanno partecipato attivamente alla tre giorni; personalit\u00e0 del mondo imprenditoriale, accademico, sociale e religioso hanno fornito elementi di speranza e stimoli nuovi per uscire dalla &#8220;notte&#8221; e scorgere &#8220;l&#8217;aurora&#8221;. Due interventi sono stati particolarmente pregnanti e significativi: quello del Patriarca di Venezia,<span class=\"apple-converted-space\">\u00a0<\/span><strong>mons.Francesco Moraglia\u00a0<\/strong><span class=\"apple-converted-space\">\u00a0<\/span>e quello dell&#8217;economista<span class=\"apple-converted-space\">\u00a0<\/span><strong>Marco Vitale<\/strong>.<\/p>\n<h3><strong>Prima viene l&#8217;uomo<\/strong><\/h3>\n<p><a title=\"mons.Francesco Moraglia\" href=\"http:\/\/www.patriarcatovenezia.it\/patriarcato_di_venezia\/organigramma\/00001451_Biografia.html\"><span style=\"text-decoration: underline;\"><strong>Il Patriarca di Venezia<\/strong><\/span><\/a><span class=\"apple-converted-space\">\u00a0<\/span>afferma che questa crisi &#8211; che nasce finanziaria e poi diventa economica &#8211; ci accompagna in maniera persistente dall&#8217;agosto del 2008. Con essa sia i soggetti pubblici sia i privati dovranno fare \u00a0i conti, anche se non siamo ancora in grado di determinare i tempi di svolgimento e gli scenari finali.<\/p>\n<div id=\"attachment_307\" style=\"width: 160px\" class=\"wp-caption alignleft\"><a href=\"http:\/\/eticaeconomiafratelvittorino.it\/wp-content\/uploads\/2014\/09\/Il-Patriarca-di-Venezia_0002.jpg\"><img aria-describedby=\"caption-attachment-307\" decoding=\"async\" loading=\"lazy\" class=\"wp-image-307 size-thumbnail\" src=\"http:\/\/eticaeconomiafratelvittorino.it\/wp-content\/uploads\/2014\/09\/Il-Patriarca-di-Venezia_0002-150x150.jpg\" alt=\"Il Patriarca di Venezia mons. Francesco Moraglia\" width=\"150\" height=\"150\" \/><\/a><p id=\"caption-attachment-307\" class=\"wp-caption-text\">Il Patriarca di Venezia mons. Francesco Moraglia<\/p><\/div>\n<p>Una cosa, per\u00f2, possiamo dirla con assoluta certezza:<span class=\"apple-converted-space\">\u00a0<\/span><strong>durante e dopo questa crisi taluni nostri stili di vita, obbligatoriamente, devono mutare.<\/strong><b> <\/b>Siamo chiamati a guardare il futuro, nella logica del bene comune, non solo considerando la nostra generazione ma anche quelle che verranno dopo. Si tratta di capire quale sia lo sviluppo sostenibile, ponendo al centro di tutto &#8211; cosa che, finora, \u00e8 stata fatta troppo poco &#8211; la persona non come astrazione ma nelle sue relazioni concrete, ad iniziare dalla relazione con la famiglia. <strong>Siamo di fronte ad un momento storico che richiede un ripensamento strutturale<\/strong>: una riflessione a 360\u00b0 dell&#8217;economia, ormai sempre pi\u00f9 globalizzata, una riconsiderazione del rapporto finanza\/economia, un ripensamento del lavoro, della produttivit\u00e0 d&#8217;impresa, del profitto che non pu\u00f2 essere a favore di alcuni e contro altri. il profitto dovr\u00e0 sempre pi\u00f9 rispondere al bene comune di un&#8217;umanit\u00e0 globalizzata a livello di comunicazione, finanza, di economia. <strong>Siamo chiamati tutti ad una revisione critica delle nostre scelte.<\/strong><span class=\"apple-converted-space\">\u00a0<\/span>In modo particolare lo sono, per\u00f2, quanti &#8211; con differenti compiti e ruoli &#8211; si muovono nel settore dell&#8217;economia e della finanza, tanto a livello teorico, quanto operativo e politico e che &#8211; nei vari ambiti &#8211; si candidano alla guida del paese. Solamente una risposta \u00e8 in grado di determinare una reale inversione di rotta, in modo che, quanto si \u00e8 verificato, non si ripeta.<span class=\"apple-converted-space\">\u00a0<\/span><strong>La risposta consiste nel porre l&#8217;etica al centro di tutto.<\/strong><span class=\"apple-converted-space\">\u00a0<\/span>Poich\u00e9 solamente una finanza, un&#8217;economia e un profitto legati all&#8217;etica possono garantire la centralit\u00e0 dell&#8217;uomo; l&#8217;uomo, infatti, deve essere il fine tanto della finanza quanto del profitto. L&#8217;etica \u00e8 assolutamente essenziale per la sopravvivenza dell&#8217;umanit\u00e0, poich\u00e9 tutte le azioni dell&#8217;uomo, alla fine, si rapportano al bene o al male, alla giustizia o all&#8217;ingiustizia e, in ultima istanza, si confrontano con la dignit\u00e0 della persona umana. Tutto ci\u00f2 che \u00e8 male e ingiusto confligge con Dio, perch\u00e9 Dio \u00e8 custode e garante dell&#8217;uomo e del suo mondo. E, quindi, ci\u00f2 che \u00e8 contro l&#8217;uomo \u00e8 anche contro Dio. Sarebbe inaccettabile che la finanza, l&#8217;economia e il profitto non evessero a che fare con l&#8217;etica.<\/p>\n<h3><strong>Un&#8217;economia sostenibile<\/strong><\/h3>\n<div id=\"attachment_309\" style=\"width: 160px\" class=\"wp-caption alignright\"><a href=\"http:\/\/eticaeconomiafratelvittorino.it\/wp-content\/uploads\/2014\/09\/Altre-foto_0002.jpg\"><img aria-describedby=\"caption-attachment-309\" decoding=\"async\" loading=\"lazy\" class=\"wp-image-309 size-thumbnail\" src=\"http:\/\/eticaeconomiafratelvittorino.it\/wp-content\/uploads\/2014\/09\/Altre-foto_0002-150x150.jpg\" alt=\"Altre foto_0002\" width=\"150\" height=\"150\" \/><\/a><p id=\"caption-attachment-309\" class=\"wp-caption-text\">Marco Vitale<\/p><\/div>\n<p>Sulla stessa linea \u00e8 anche <a title=\"Marco Vitale\" href=\"http:\/\/www.marcovitale.it\/curriculum.html\"><span style=\"text-decoration: underline;\"><strong>l&#8217;economista Marco vitale<\/strong><\/span><\/a>, il quale afferma che <strong>ora dobbiamo guardare avanti con serenit\u00e0 e la fortezza che scaturisce dalla speranza cristiana<\/strong>, dalla disciplina alla verit\u00e0, dal disinteresse, dall&#8217;amore per l&#8217;uomo, tutto l&#8217;uomo e tutti gli uomini. Noi siamo nel mezzo di un grande processo di trasformazione del quale conosciamo cosa ci lasciamo alle spalle, ma non sappiamo dove andremo. Per queste ragioni la <strong><em>Dottrina Sociale della Chiesa<\/em> ha recuperato un nuovo peso, un nuovo ruolo, un nuovo significato. <\/strong>Per\u00f2 dobbiamo collegarla ad altri filoni di pensiero che pongono al centro l&#8217;uomo, il rispetto della dignit\u00e0 dell&#8217;uomo, la giustizia sociale. Dobbiamo ricollegarla all&#8217;economia sociale di mercato, una rigorosa dottrina liberale che pretende un mercato efficiente e non truccato. Ma che, col tempo, sa che il mercato non esaurisce tutta la rete delle relazioni umane e sociali, che il mercato deve stare dentro il suo campo di gioco e non prevaricare. <strong>Ci sono cose che, come disse Giovanni Paolo II, non si possono, n\u00e9 comprare, n\u00e9 vendere.<\/strong> L&#8217;economia sociale di mercato rigetta, come male sommo, l&#8217;assistenzialismo, ma sa che senza solidariet\u00e0 e sussidiariet\u00e0 niente pu\u00f2 funzionare bene e durevolmente, ed \u00e8 proprio qui uno dei grandi incroci con la <em>DSC. <\/em>Ma se \u00e8 caduta l&#8217;economia di carta e si \u00e8 sgonfiata l&#8217;economia di panna montata, non \u00e8 certo caduta l&#8217;economia, cio\u00e8 la capacit\u00e0 dell&#8217;uomo di produrre, migliorare, creare, risparmiare per una vita ed un futuro migliore. Occorrono, per\u00f2, nuovi sviluppi di economia vera appoggiata da una finanza sostenibile. Ci\u00f2 richiede tempo e sforzi intensi per dar vita ad un&#8217; economia finanziariamente, ambientalmente, antropologicamente sostenibile. Un compito di lungo respiro ed esaltante che mi fa dire: <em><strong>&#8220;che bello essere giovani in questi tempi che offrono la possibilit\u00e0 di collaborare alla costruzione di un nuovo mondo e di una nuova economia, molto pi\u00f9<\/strong><\/em> <strong><em>civile!&#8221;.<\/em> <\/strong>Qualche imprenditore, saggio e illuminato, ha gi\u00e0 organizzato la propria impresa secondo questi modelli, dove l&#8217;etica applicata (anche con l&#8217;aiuto degli insegnamenti ricevuti da Fratel Vittorino) \u00e8 centro fulcro di tutte le attivit\u00e0 svolte. Non a caso <span style=\"text-decoration: underline;\">Silvano Pedrollo<\/span>, per<\/p>\n<div id=\"attachment_308\" style=\"width: 160px\" class=\"wp-caption alignright\"><a href=\"http:\/\/eticaeconomiafratelvittorino.it\/wp-content\/uploads\/2014\/09\/Altre-foto_0003.jpg\"><img aria-describedby=\"caption-attachment-308\" decoding=\"async\" loading=\"lazy\" class=\"wp-image-308 size-thumbnail\" src=\"http:\/\/eticaeconomiafratelvittorino.it\/wp-content\/uploads\/2014\/09\/Altre-foto_0003-150x150.jpg\" alt=\"Silvano Pedrollo\" width=\"150\" height=\"150\" \/><\/a><p id=\"caption-attachment-308\" class=\"wp-caption-text\">Silvano Pedrollo<\/p><\/div>\n<p>alcuni anni presidente dell&#8217;<em>Associazione etica ed Economia &#8211; Fratel Vittorino,<\/em> ha ricevuto il premio, all&#8217;interno del 2\u00b0 Festival della <em>DSC, <\/em>per la Solidariet\u00e0 Internazionale in virt\u00f9 della costruzione di molti pozzi nei Paesi poveri. Questo \u00e8 esempio che ha gi\u00e0 iniziato a contagiare in modo positivo altri imprenditori e che porter\u00e0 a &#8220;provocare una nuova AURORA&#8221;.<\/p>\n<p style=\"text-align: right;\"><strong>Ermes Bampa e<\/strong> <strong>Angelina Franchetti<\/strong><\/p>\n<p>&nbsp;<\/p>\n","protected":false},"excerpt":{"rendered":"<p>In un momento difficile per il mondo, dentro una crisi economica drammatica, occorre non dare pi\u00f9 credito alla notte, ma\u00a0investire sulla luce, sull&#8217;aurora. Bisogna preparare l&#8217;aurora, diventare consapevoli che, anche se il sole non \u00e8 ancora alto, la sua luce gi\u00e0 risplende.\u00a0Dobbiamo predisporre lo spazio, perch\u00e9 il sole torni a sorgere.<\/p>\n","protected":false},"author":1,"featured_media":0,"comment_status":"closed","ping_status":"closed","sticky":false,"template":"","format":"standard","meta":{"footnotes":""},"categories":[13],"tags":[],"_links":{"self":[{"href":"https:\/\/eticaeconomiafratelvittorino.it\/index.php?rest_route=\/wp\/v2\/posts\/301"}],"collection":[{"href":"https:\/\/eticaeconomiafratelvittorino.it\/index.php?rest_route=\/wp\/v2\/posts"}],"about":[{"href":"https:\/\/eticaeconomiafratelvittorino.it\/index.php?rest_route=\/wp\/v2\/types\/post"}],"author":[{"embeddable":true,"href":"https:\/\/eticaeconomiafratelvittorino.it\/index.php?rest_route=\/wp\/v2\/users\/1"}],"replies":[{"embeddable":true,"href":"https:\/\/eticaeconomiafratelvittorino.it\/index.php?rest_route=%2Fwp%2Fv2%2Fcomments&post=301"}],"version-history":[{"count":14,"href":"https:\/\/eticaeconomiafratelvittorino.it\/index.php?rest_route=\/wp\/v2\/posts\/301\/revisions"}],"predecessor-version":[{"id":355,"href":"https:\/\/eticaeconomiafratelvittorino.it\/index.php?rest_route=\/wp\/v2\/posts\/301\/revisions\/355"}],"wp:attachment":[{"href":"https:\/\/eticaeconomiafratelvittorino.it\/index.php?rest_route=%2Fwp%2Fv2%2Fmedia&parent=301"}],"wp:term":[{"taxonomy":"category","embeddable":true,"href":"https:\/\/eticaeconomiafratelvittorino.it\/index.php?rest_route=%2Fwp%2Fv2%2Fcategories&post=301"},{"taxonomy":"post_tag","embeddable":true,"href":"https:\/\/eticaeconomiafratelvittorino.it\/index.php?rest_route=%2Fwp%2Fv2%2Ftags&post=301"}],"curies":[{"name":"wp","href":"https:\/\/api.w.org\/{rel}","templated":true}]}}