{"id":1433,"date":"2026-01-15T20:57:45","date_gmt":"2026-01-15T20:57:45","guid":{"rendered":"http:\/\/eticaeconomiafratelvittorino.it\/?p=1433"},"modified":"2026-01-15T20:57:45","modified_gmt":"2026-01-15T20:57:45","slug":"laudato-si-abbazia-di-maguzzano-lonato-bs-20-settembre-2025","status":"publish","type":"post","link":"https:\/\/eticaeconomiafratelvittorino.it\/?p=1433","title":{"rendered":"&#8220;LAUDATO SI&#8221; Abbazia di Maguzzano Lonato (BS) 20 Settembre 2025"},"content":{"rendered":"<p>\u201c LAUDATO SI\u201c : Custodire la Casa Comune<\/p>\n<p><a href=\"https:\/\/eticaeconomiafratelvittorino.it\/?attachment_id=1434\" rel=\"attachment wp-att-1434\"><img decoding=\"async\" loading=\"lazy\" class=\"size-medium wp-image-1434 alignleft\" src=\"http:\/\/eticaeconomiafratelvittorino.it\/wp-content\/uploads\/2025\/12\/Maguzzano-20-09-2025-212x300.png\" alt=\"\" width=\"212\" height=\"300\" srcset=\"https:\/\/eticaeconomiafratelvittorino.it\/wp-content\/uploads\/2025\/12\/Maguzzano-20-09-2025-212x300.png 212w, https:\/\/eticaeconomiafratelvittorino.it\/wp-content\/uploads\/2025\/12\/Maguzzano-20-09-2025-724x1024.png 724w, https:\/\/eticaeconomiafratelvittorino.it\/wp-content\/uploads\/2025\/12\/Maguzzano-20-09-2025-768x1086.png 768w, https:\/\/eticaeconomiafratelvittorino.it\/wp-content\/uploads\/2025\/12\/Maguzzano-20-09-2025-1086x1536.png 1086w, https:\/\/eticaeconomiafratelvittorino.it\/wp-content\/uploads\/2025\/12\/Maguzzano-20-09-2025-624x883.png 624w, https:\/\/eticaeconomiafratelvittorino.it\/wp-content\/uploads\/2025\/12\/Maguzzano-20-09-2025.png 1414w\" sizes=\"(max-width: 212px) 100vw, 212px\" \/><\/a>L\u2019Associazione Etica Economia Fratel Vittorino, ha organizzato in data 20-09-2025 nell\u2019Abbazia di Maguzzano (Lonato- Bs), un incontro dal titolo \u201cLAUDATO SI\u2019 : CUSTODIRE LA CASA COMUNE\u201c. Sono state coinvolte Istituzioni ed Imprenditori del comprensorio bresciano a confronto sui temi sociali che stanno diventando sempre pi\u00f9 importanti ed urgenti. L\u2019appuntamento ha rappresentato un\u2019occasione preziosa per promuovere la condivisione di idee e buone pratiche volte alla tutela dell\u2019ambiente e al rafforzamento del senso di responsabilit\u00e0 collettiva verso il pianeta. Attraverso la partecipazione attiva di diversi attori del territorio e il coordinamento del Presidente dell\u2019Associazione , Ermes Bampa , si \u00e8 voluto sottolineare quanto sia fondamentale, oggi pi\u00f9 che mai, agire insieme per il bene comune, seguendo lo spirito e i valori proposti dall\u2019enciclica Laudato Si\u2019.<\/p>\n<p><strong>Don Paolo Salvi,<\/strong> Superiore dell\u2019Abbazia ha aperto l\u2019incontro con i saluti di benvenuto , mentre il <strong>Casante dell\u2019Opera Don Calabria<\/strong>,<strong>Don Massimiliano Parrella, <\/strong>non riuscendo a partecipare fisicamente per un imprevisto, ha mandato un messaggio scritto al moderatore Ermes Bampa \u00a0nel quale afferma che:\u201c La terra, nostra casa comune, \u00e8 anche come una sorella con la quale condividiamo l\u2019esistenza e come una madre bella che ci accoglie tra le sue braccia \u00a0Il carisma di San Giovanni ci insegna che tutto viene dalla Provvidenza e tutto ci \u00e8 affidato perch\u00e9 diventi dono condiviso.\u2019 questo lo sguardo profetico che la LAUDATO SI&#8217; ci invita ad assumere, non padroni, non sfruttatori, ma figli e fratelli, chiamati a far fiorire il giardino di Dio \u201c<\/p>\n<p>Ermes Bampa ha invitato i \u00a0Sindaci di Lonato e di \u00a0Manerba ad illustrare come la Laudato S\u00ec sia presente nelle loro azioni amministrative.<\/p>\n<p><strong>Il Sindaco di Lonato Roberto Tardani<\/strong>,<a href=\"http:\/\/eticaeconomiafratelvittorino.it\/wp-content\/uploads\/2026\/01\/Sindaco-Tardani.png\"><img decoding=\"async\" loading=\"lazy\" class=\"wp-image-1440 alignright\" src=\"http:\/\/eticaeconomiafratelvittorino.it\/wp-content\/uploads\/2026\/01\/Sindaco-Tardani.png\" alt=\"\" width=\"135\" height=\"136\" srcset=\"https:\/\/eticaeconomiafratelvittorino.it\/wp-content\/uploads\/2026\/01\/Sindaco-Tardani.png 280w, https:\/\/eticaeconomiafratelvittorino.it\/wp-content\/uploads\/2026\/01\/Sindaco-Tardani-150x150.png 150w\" sizes=\"(max-width: 135px) 100vw, 135px\" \/><\/a>che da tempo conosce l\u2019Opera Don Calabria, dal momento che l\u2019Abbazia \u00e8 nel proprio territorio comunale, ha sottolineato come la presenza dell\u2019Abbazia rappresenti un punto di riferimento spirituale e culturale per tutta la comunit\u00e0, valorizzando il ruolo di collaborazione tra le istituzioni locali e le realt\u00e0 religiose. Ha conosciuto bene Don Antonio Mazzi, Fondatore di Exodus, del quale ha apprezzato l\u2019attivit\u00e0 a favore dei ragazzi. Il Comune di Lonato si \u00e8 attivato per eseguire la elettrificazione a Led, conseguendo una riduzione dei costi energetici del 68%. Questo intervento non solo ha permesso di risparmiare risorse economiche, ma ha anche contribuito a ridurre sensibilmente l\u2019impatto ambientale, favorendo una gestione pi\u00f9 sostenibile dell\u2019energia pubblica. Poi ha stretto la collaborazione con il Gruppo Feralpi per la realizzazione del teleriscaldamento a favore di una buona parte degli edifici pubblici del Comune (scuole, palestre, edifici comunali, ecc..), sfruttando l\u2019acqua calda dello stabilimento. Tale iniziativa rappresenta un esempio virtuoso di sinergia tra pubblico e privato, dove la cooperazione ha generato benefici concreti sia in termini di efficienza energetica sia di responsabilit\u00e0 verso il territorio sul quale inoltre vi \u00e8 la volont\u00e0 di allargare le aree interessate al teleriscaldamento. Sicuramente un ottimo esempio di applicazione di economia circolare, che segue i principi della LAUDATO SI.\u00a0Il Comune di Lonato \u00a0ha poi stretto rapporti di collaborazione con i Comuni vicini per la gestione dei depuratori definendo dei progetti comuni volti a migliorare l\u2019efficienza degli impianti e a garantire una maggiore sostenibilit\u00e0 ambientale nell\u2019intera area che ospita uno dei laghi pi\u00f9 belli d\u2019Europa.<\/p>\n<p><strong>Il Sindaco di Manerba del Garda Flaviano Mattiotti, <a href=\"http:\/\/eticaeconomiafratelvittorino.it\/wp-content\/uploads\/2026\/01\/Sindaco-Mattiotti.png\"><img decoding=\"async\" loading=\"lazy\" class=\"wp-image-1439 alignright\" src=\"http:\/\/eticaeconomiafratelvittorino.it\/wp-content\/uploads\/2026\/01\/Sindaco-Mattiotti.png\" alt=\"\" width=\"133\" height=\"126\" \/><\/a><\/strong>ha espresso apprezzamento per l\u2019invito e per i principi dell\u2019Opera Don Calabria: la tutela della fragilit\u00e0, dell\u2019ambiente e della socialit\u00e0 che si sposano con i principi della LAUDATO SI&#8217;.Il Comune si \u00e8 attivato per l\u2019efficientamento del patrimonio pubblico, ha attivato una CER (Comunit\u00e0 Energetica Rinnovabile) per implementare gli impianti fotovoltaici sul territorio, con l\u2019obiettivo di azzerare la bolletta energetica nei prossimi anni. \u00a0Poi ha preservato Il Parco\u00a0 La Rocca del Garda, cercando di creare la consapevolezza dei turisti\u00a0 di rispettare i territori limitrofi e di assaporare i prodotti tipici locali ( vini della Valtenesi, olio locale, ecc..) . Infine il Comune intende realizzare dei percorsi inclusivi per incentivare il turismo religioso e di valorizzare gli edifici storici ( chiese ed altre strutture).<\/p>\n<p>Terminati gli interventi dei Sindaci, il moderatore\u00a0 Ermes Bampa ha chiamato 2 imprenditori per portare la loro testimonianza sull\u2019applicazione dei principi della LAUDATO Si nelle loro imprese.<a href=\"http:\/\/eticaeconomiafratelvittorino.it\/wp-content\/uploads\/2026\/01\/a1.jpeg\"><img decoding=\"async\" loading=\"lazy\" class=\"wp-image-1441 alignleft\" src=\"http:\/\/eticaeconomiafratelvittorino.it\/wp-content\/uploads\/2026\/01\/a1-300x169.jpeg\" alt=\"\" width=\"234\" height=\"132\" srcset=\"https:\/\/eticaeconomiafratelvittorino.it\/wp-content\/uploads\/2026\/01\/a1-300x169.jpeg 300w, https:\/\/eticaeconomiafratelvittorino.it\/wp-content\/uploads\/2026\/01\/a1-1024x576.jpeg 1024w, https:\/\/eticaeconomiafratelvittorino.it\/wp-content\/uploads\/2026\/01\/a1-768x432.jpeg 768w, https:\/\/eticaeconomiafratelvittorino.it\/wp-content\/uploads\/2026\/01\/a1-1536x864.jpeg 1536w, https:\/\/eticaeconomiafratelvittorino.it\/wp-content\/uploads\/2026\/01\/a1-624x351.jpeg 624w, https:\/\/eticaeconomiafratelvittorino.it\/wp-content\/uploads\/2026\/01\/a1.jpeg 2048w\" sizes=\"(max-width: 234px) 100vw, 234px\" \/><\/a><\/p>\n<p><strong>Giuseppe Pasini, Presidente del Gruppo Feralpi e Presidente Confindustria Lombardia,<\/strong> ha parlato del valore dell\u2019applicazione della responsabilit\u00e0 economica, sociale ed ambientale\u00a0 all\u2019interno delle aziende: e ha sottolineato come il legame con il territorio sia stato fondamentale per la crescita dell\u2019azienda, riconoscendo che senza il contributo delle comunit\u00e0 locali e delle persone che vi lavorano,\u00a0i risultati raggiunti non sarebbero stati possibili. Inoltre, ha evidenziato l\u2019importanza di restituire valore al territorio attraverso iniziative che promuovano il benessere sociale e ambientale, in linea con i principi della<a href=\"http:\/\/eticaeconomiafratelvittorino.it\/wp-content\/uploads\/2026\/01\/Giseppe-Pasini-1.png\"><img decoding=\"async\" loading=\"lazy\" class=\"wp-image-1443 alignright\" src=\"http:\/\/eticaeconomiafratelvittorino.it\/wp-content\/uploads\/2026\/01\/Giseppe-Pasini-1.png\" alt=\"\" width=\"129\" height=\"102\" \/><\/a> LAUDATO SI. L\u2019azienda \u00e8 presente nella promozione della cultura, dello sport e nella formazione di nuove competenze anche al femminile, visto che con la digitalizzazione \u00e8 stato possibile l\u2019 inserimento nell\u2019organico, all\u2019interno del settore siderurgico, \u00a0, di donne per circa 11 % della forza lavoro.<\/p>\n<p>La FERALPI <a href=\"http:\/\/eticaeconomiafratelvittorino.it\/wp-content\/uploads\/2026\/01\/FERALPI.png\"><img decoding=\"async\" loading=\"lazy\" class=\"wp-image-1444 alignleft\" src=\"http:\/\/eticaeconomiafratelvittorino.it\/wp-content\/uploads\/2026\/01\/FERALPI-300x197.png\" alt=\"\" width=\"154\" height=\"101\" srcset=\"https:\/\/eticaeconomiafratelvittorino.it\/wp-content\/uploads\/2026\/01\/FERALPI-300x197.png 300w, https:\/\/eticaeconomiafratelvittorino.it\/wp-content\/uploads\/2026\/01\/FERALPI.png 421w\" sizes=\"(max-width: 154px) 100vw, 154px\" \/><\/a>continua a muoversi secondo i principi della LAUDATO SI infatti ha in programma di fare investimenti importanti nell\u2019energia verde. La FERALPI continua a muoversi secondo i principi della LAUDATO SI infatti ha in programma di fare investimenti importanti nell\u2019energia verde, con progetti che mirano non solo a ridurre l\u2019impatto ambientale, ma anche a promuovere una cultura aziendale orientata alla sostenibilit\u00e0 e al rispetto per l\u2019ambiente, in sintonia con le esigenze del territorio e le aspettative della comunit\u00e0 locale.<\/p>\n<p><strong>Silvano Brescianini, Presidente della Cantina Barone Pizzini e Vicepresidente Coldiretti di Brescia,<a href=\"http:\/\/eticaeconomiafratelvittorino.it\/wp-content\/uploads\/2026\/01\/Silvano-Brescianini.png\"><img decoding=\"async\" loading=\"lazy\" class=\"wp-image-1445 alignleft\" src=\"http:\/\/eticaeconomiafratelvittorino.it\/wp-content\/uploads\/2026\/01\/Silvano-Brescianini.png\" alt=\"\" width=\"109\" height=\"170\" \/><\/a> <\/strong>nel suo intervento, Brescianini ha raccontato come la scelta di abbracciare la viticoltura biologica abbia rappresentato una vera e propria rivoluzione per l\u2019azienda, frutto di una visione lungimirante e di un profondo rispetto per la terra. Ha evidenziato che l\u2019approccio biologico non solo ha permesso di salvaguardare la biodiversit\u00e0 e migliorare la qualit\u00e0 delle uve, ma ha anche creato un rapporto di fiducia e trasparenza con i consumatori, sempre pi\u00f9 attenti all\u2019impatto ambientale della produzione agricola. Ha accettato volentieri l\u2019invito perch\u00e9 30 anni fa proprio nell\u2019Abbazia di Maguzzano si \u00e8 iniziato a parlare della possibilit\u00e0 di sviluppare il settore biologico, che sembrava un\u2019impresa ardua e difficile.\u00a0Lui ha dimostrato che anche nel Settore vitivinicolo \u00e8 possibile realizzare aziende di successo, con grossi benefici ambientali.<a href=\"http:\/\/eticaeconomiafratelvittorino.it\/wp-content\/uploads\/2026\/01\/BARONE-PIZZINI.png\"><img decoding=\"async\" loading=\"lazy\" class=\" wp-image-1446 alignright\" src=\"http:\/\/eticaeconomiafratelvittorino.it\/wp-content\/uploads\/2026\/01\/BARONE-PIZZINI-300x154.png\" alt=\"\" width=\"214\" height=\"110\" srcset=\"https:\/\/eticaeconomiafratelvittorino.it\/wp-content\/uploads\/2026\/01\/BARONE-PIZZINI-300x154.png 300w, https:\/\/eticaeconomiafratelvittorino.it\/wp-content\/uploads\/2026\/01\/BARONE-PIZZINI.png 562w\" sizes=\"(max-width: 214px) 100vw, 214px\" \/><\/a> Infatti, basti pensare come l\u2019eliminazione dei pesticidi salvaguardi il territorio. Questa scelta ha inoltre contribuito a migliorare la salute dei lavoratori e a valorizzare le produzioni locali, rendendo l\u2019azienda un punto di riferimento per l\u2019innovazione sostenibile nel settore. Grazie a pratiche agricole rispettose dell\u2019ambiente, si \u00e8 rafforzato anche il legame con la comunit\u00e0 e si \u00e8 promosso uno sviluppo armonioso tra attivit\u00e0 produttiva e tutela del paesaggio.<\/p>\n<p><strong>Ettore Prandini, Presidente\u00a0 Nazionale Coldiretti<\/strong> , non potendo essere presente fisicamente, ha inviato un videomessaggio:<\/p>\n<p><a href=\"http:\/\/eticaeconomiafratelvittorino.it\/wp-content\/uploads\/2026\/01\/Prandini-COMP1.avi\">Messaggio Ettore Prandini<\/a><\/p>\n<p><strong>Il Vescovo di Verona\u00a0 S.E. Domenico Pompili<\/strong>, ha inviato un messaggio conclusivo di questa giornata dedicata alla LAUDATO SI&#8217;:<\/p>\n<p><a href=\"http:\/\/eticaeconomiafratelvittorino.it\/wp-content\/uploads\/2026\/01\/Saluto-del-Vescovo.avi\">Messaggio del Vescovo<\/a><\/p>\n<p>L&#8217;incontro si \u00e8 concluso con degli interventi del pubblico con apprezzamenti e ringraziamenti per le tematiche affrontate, soprattutto per gli esempi concreti di applicazione dei principi della LAUDATO SI. <a href=\"http:\/\/eticaeconomiafratelvittorino.it\/wp-content\/uploads\/2026\/01\/a2.jpeg\"><img decoding=\"async\" loading=\"lazy\" class=\"wp-image-1447 alignleft\" src=\"http:\/\/eticaeconomiafratelvittorino.it\/wp-content\/uploads\/2026\/01\/a2-300x169.jpeg\" alt=\"\" width=\"234\" height=\"132\" srcset=\"https:\/\/eticaeconomiafratelvittorino.it\/wp-content\/uploads\/2026\/01\/a2-300x169.jpeg 300w, https:\/\/eticaeconomiafratelvittorino.it\/wp-content\/uploads\/2026\/01\/a2-1024x577.jpeg 1024w, https:\/\/eticaeconomiafratelvittorino.it\/wp-content\/uploads\/2026\/01\/a2-768x433.jpeg 768w, https:\/\/eticaeconomiafratelvittorino.it\/wp-content\/uploads\/2026\/01\/a2-1536x866.jpeg 1536w, https:\/\/eticaeconomiafratelvittorino.it\/wp-content\/uploads\/2026\/01\/a2-624x352.jpeg 624w, https:\/\/eticaeconomiafratelvittorino.it\/wp-content\/uploads\/2026\/01\/a2.jpeg 2048w\" sizes=\"(max-width: 234px) 100vw, 234px\" \/><\/a>Molti partecipanti hanno sottolineato come questi esempi siano fonte di ispirazione e possano essere replicati anche in altri contesti territoriali, rafforzando il senso di responsabilit\u00e0 condivisa verso la tutela dell\u2019ambiente. Ne \u00e8 nato un dialogo costruttivo, ricco di proposte e riflessioni, che ha dimostrato quanto sia sentita la necessit\u00e0 di tradurre i valori dell\u2019enciclica in azioni quotidiane, favorendo una reale trasformazione sociale.<\/p>\n<p>Melania Bortoletto<\/p>\n","protected":false},"excerpt":{"rendered":"<p>\u201c LAUDATO SI\u201c : Custodire la Casa Comune L\u2019Associazione Etica Economia Fratel Vittorino, ha organizzato in data 20-09-2025 nell\u2019Abbazia di Maguzzano (Lonato- Bs), un incontro dal titolo \u201cLAUDATO SI\u2019 : CUSTODIRE LA CASA COMUNE\u201c. Sono state coinvolte Istituzioni ed Imprenditori del comprensorio bresciano a confronto sui temi sociali che stanno diventando sempre pi\u00f9 importanti ed [&hellip;]<\/p>\n","protected":false},"author":1,"featured_media":0,"comment_status":"closed","ping_status":"closed","sticky":false,"template":"","format":"aside","meta":{"footnotes":""},"categories":[13],"tags":[],"_links":{"self":[{"href":"https:\/\/eticaeconomiafratelvittorino.it\/index.php?rest_route=\/wp\/v2\/posts\/1433"}],"collection":[{"href":"https:\/\/eticaeconomiafratelvittorino.it\/index.php?rest_route=\/wp\/v2\/posts"}],"about":[{"href":"https:\/\/eticaeconomiafratelvittorino.it\/index.php?rest_route=\/wp\/v2\/types\/post"}],"author":[{"embeddable":true,"href":"https:\/\/eticaeconomiafratelvittorino.it\/index.php?rest_route=\/wp\/v2\/users\/1"}],"replies":[{"embeddable":true,"href":"https:\/\/eticaeconomiafratelvittorino.it\/index.php?rest_route=%2Fwp%2Fv2%2Fcomments&post=1433"}],"version-history":[{"count":2,"href":"https:\/\/eticaeconomiafratelvittorino.it\/index.php?rest_route=\/wp\/v2\/posts\/1433\/revisions"}],"predecessor-version":[{"id":1448,"href":"https:\/\/eticaeconomiafratelvittorino.it\/index.php?rest_route=\/wp\/v2\/posts\/1433\/revisions\/1448"}],"wp:attachment":[{"href":"https:\/\/eticaeconomiafratelvittorino.it\/index.php?rest_route=%2Fwp%2Fv2%2Fmedia&parent=1433"}],"wp:term":[{"taxonomy":"category","embeddable":true,"href":"https:\/\/eticaeconomiafratelvittorino.it\/index.php?rest_route=%2Fwp%2Fv2%2Fcategories&post=1433"},{"taxonomy":"post_tag","embeddable":true,"href":"https:\/\/eticaeconomiafratelvittorino.it\/index.php?rest_route=%2Fwp%2Fv2%2Ftags&post=1433"}],"curies":[{"name":"wp","href":"https:\/\/api.w.org\/{rel}","templated":true}]}}