{"id":1418,"date":"2025-03-20T09:22:18","date_gmt":"2025-03-20T09:22:18","guid":{"rendered":"https:\/\/eticaeconomiafratelvittorino.it\/?p=1418"},"modified":"2025-12-13T08:30:43","modified_gmt":"2025-12-13T08:30:43","slug":"laudato-si-custodire-la-casa-comune","status":"publish","type":"post","link":"https:\/\/eticaeconomiafratelvittorino.it\/?p=1418","title":{"rendered":"\u201c LAUDATO SI \u201c  :  CUSTODIRE LA CASA COMUNE"},"content":{"rendered":"<p><a href=\"http:\/\/eticaeconomiafratelvittorino.it\/?attachment_id=1431\" rel=\"attachment wp-att-1431\"><img decoding=\"async\" loading=\"lazy\" class=\"alignnone size-medium wp-image-1431\" src=\"http:\/\/eticaeconomiafratelvittorino.it\/wp-content\/uploads\/2025\/03\/San-Giacomo-di-Vago-300x109.jpeg\" alt=\"\" width=\"300\" height=\"109\" srcset=\"https:\/\/eticaeconomiafratelvittorino.it\/wp-content\/uploads\/2025\/03\/San-Giacomo-di-Vago-300x109.jpeg 300w, https:\/\/eticaeconomiafratelvittorino.it\/wp-content\/uploads\/2025\/03\/San-Giacomo-di-Vago.jpeg 474w\" sizes=\"(max-width: 300px) 100vw, 300px\" \/><\/a><\/p>\n<p>L\u2019Associazione Etica Economia Fratel Vittorino, ha promosso a San Giacomo di Vago \u00a0(VR) un incontro dal titolo <strong>\u201cLaudato si \u201c : Custodire la Casa Comune<\/strong>, nel quale sono stati invitati alcuni sindaci ed imprenditori dell\u2019area Est Veronese a confrontarsi sui temi ambientali e sociali.<\/p>\n<p>Il moderatore dell\u2019incontro, Ermes Bampa, ha ricordato nell\u2019introduzione, che L\u2019Associazione ha organizzato ben 4 incontri sull\u2019Enciclica \u201cLaudato si \u201c, da quando \u00e8 uscita nel 2015. Infatti i temi trattati dall\u2019Enciclica sono cari al Carisma dell\u2019Opera don Calabria. L\u2019incontro si \u00e8 sviluppato con 2 tavole rotonde: la prima con i Sindaci di 3 Comuni dell\u2019Est Veronese. Matteo Vanzan, Sindaco di Lavagno, Marcello Lovato, Sindaco di Caldiero e Giovanni Carrarini, Sindaco di Mezzane di Sotto.<\/p>\n<p><a href=\"https:\/\/eticaeconomiafratelvittorino.it\/?attachment_id=1423\" rel=\"attachment wp-att-1423\"><img decoding=\"async\" loading=\"lazy\" class=\"size-medium wp-image-1423 alignleft\" src=\"http:\/\/eticaeconomiafratelvittorino.it\/wp-content\/uploads\/2025\/03\/Foto-Articolo-7-custodire--300x175.jpg\" alt=\"\" width=\"300\" height=\"175\" srcset=\"https:\/\/eticaeconomiafratelvittorino.it\/wp-content\/uploads\/2025\/03\/Foto-Articolo-7-custodire--300x175.jpg 300w, https:\/\/eticaeconomiafratelvittorino.it\/wp-content\/uploads\/2025\/03\/Foto-Articolo-7-custodire--1024x597.jpg 1024w, https:\/\/eticaeconomiafratelvittorino.it\/wp-content\/uploads\/2025\/03\/Foto-Articolo-7-custodire--768x448.jpg 768w, https:\/\/eticaeconomiafratelvittorino.it\/wp-content\/uploads\/2025\/03\/Foto-Articolo-7-custodire--1536x896.jpg 1536w, https:\/\/eticaeconomiafratelvittorino.it\/wp-content\/uploads\/2025\/03\/Foto-Articolo-7-custodire--624x364.jpg 624w, https:\/\/eticaeconomiafratelvittorino.it\/wp-content\/uploads\/2025\/03\/Foto-Articolo-7-custodire-.jpg 1923w\" sizes=\"(max-width: 300px) 100vw, 300px\" \/><\/a><\/p>\n<ul>\n<li><strong>Matteo Vanzan<\/strong>,\u00a0 <strong>Sindaco di Lavagno<\/strong>, dove si trova l\u2019Oasi San Giacomo, ha detto che spesso, viene in questo luogo per\u00a0 \u201c riflettere e trovar pace\u201d ed \u00e8 affascinato sia\u00a0 dal luogo storico ( chiesa del 1.300) che per quello religioso. Riguardo il suo impegno affinch\u00e9 nel territorio comunale siano applicati i principi della \u201cLaudato si \u201c, ha fatto partire, essendo farmacista, lo <strong>\u201csportello delle cure\u201d<\/strong>, per assistere i malati e gli anziani\u00a0 nel programmare le visite mediche. Poi cerca di porre attenzione alle nuove costruzioni, affinch\u00e8 vengano realizzate secondo i principi della sostenibilit\u00e0.<\/li>\n<li><strong>Marcello Lovato, Sindaco di Caldiero<\/strong>, ha affermato che conosce l\u2019Opera don Calabria, poich\u00e9 ha collaborato con la Diocesi di Verona per lungo tempo. \u00a0Tuttora \u00e8 molto sensibile\u00a0 alle Politiche Familiari e Sociali. Nel suo Comune cerca di stare attento alle fragilit\u00e0 sociali. Si \u00e8 inimicato qualche costruttore edile perch\u00e9 ha evitato di far sorgere costruzioni speculative e si \u00e8 adoperato perch\u00e9 le abitazioni fossero\u00a0 a dimensione d\u2019uomo. Poi si \u00e8 adoperato a sollecitare i vari Sindaci della Val d\u2019Illasi a dialogare tra di loro per realizzare delle Politiche Ambientali secondo i principi della sostenibilit\u00e0 e della cura\u00a0 del territorio.<\/li>\n<\/ul>\n<p style=\"padding-left: 40px;\"><strong>Giovanni Carrarini, Sindaco di Mezzane di Sotto, <\/strong>conosce bene l\u2019Opera don Calabria.<br \/>\nDa giovane ha frequentato lo Spazio Fiorito Mariano, Movimento giovanile promosso da Fratel Vittorino, che ha conosciuto personalmente, del quale ricorda con affetto il Carisma. Nel suo Comune, egli cerca di tutelare il territorio: \u00e8 zona prevalentemente vitivinicola d\u2019eccellenza, quindi cerca di evitare speculazioni edilizie. Poi cerca di creare sinergia con i vari territori vicini per realizzare opere comuni ed utili a tutto il bacino. Una volta terminata la prima tavola rotonda, Ermes Bampa ha iniziato la seconda tavola rotonda con l\u2019intervento di <strong>due donne eccezionali, che valorizzano il \u201cmade <\/strong><strong>in Italy\u201d nel mondo. <\/strong>La prima \u00e8 Maria <strong>Grazia Bertaroli, produttrice di olio biologico e coordinatrice <\/strong><strong>nazionale\u00a0 delle \u201cdonne dell\u2019olio\u201d.<\/strong> Lei conosce l\u2019Opera don Calabria tramite le sua famiglia e cerca in tutti i modi di applicare nella sua\u00a0 attivit\u00e0 e relazioni i principi della \u201cLaudato si \u201c. Sta organizzando anche il Nuovo Salone dell\u2019Olio in collaborazione con la Fiera di Verona puntando sulla biodiversit\u00e0 e sostenibilit\u00e0. La seconda donna coinvolta \u00e8 <strong>Lucia Vesentini, esperta di Comunicazione,\u00a0 <\/strong><strong>enoturismo ed \u00e8 inoltre responsabile della Valorizzazione del Consorzio di Tutela <\/strong><strong>Vini del Soave. <\/strong>Lei ha conosciuto fin da giovane l\u2019Opera don Calabria. Ha conosciuto anche Fratel Vittorino, del quale ha apprezzato la sensibilit\u00e0 per i giovani e le famiglie. Lucia si sforza di spingere i viticoltori di Soave ad applicare tutti i processi per ottenere un prodotto sostenibile e di qualit\u00e0 in modo da promuoverlo in tutto il mondo: infatti organizza visite al Consorzio di Soave di buyers da molti paesi, valorizzando tutto il territorio.<a href=\"http:\/\/eticaeconomiafratelvittorino.it\/?attachment_id=1420\" rel=\"attachment wp-att-1420\"><img decoding=\"async\" loading=\"lazy\" class=\"alignnone size-medium wp-image-1420\" src=\"http:\/\/eticaeconomiafratelvittorino.it\/wp-content\/uploads\/2025\/03\/Foto-Articolo-3-custodire-300x225.jpg\" alt=\"\" width=\"300\" height=\"225\" srcset=\"https:\/\/eticaeconomiafratelvittorino.it\/wp-content\/uploads\/2025\/03\/Foto-Articolo-3-custodire-300x225.jpg 300w, https:\/\/eticaeconomiafratelvittorino.it\/wp-content\/uploads\/2025\/03\/Foto-Articolo-3-custodire-1024x768.jpg 1024w, https:\/\/eticaeconomiafratelvittorino.it\/wp-content\/uploads\/2025\/03\/Foto-Articolo-3-custodire-768x576.jpg 768w, https:\/\/eticaeconomiafratelvittorino.it\/wp-content\/uploads\/2025\/03\/Foto-Articolo-3-custodire-1536x1152.jpg 1536w, https:\/\/eticaeconomiafratelvittorino.it\/wp-content\/uploads\/2025\/03\/Foto-Articolo-3-custodire-624x468.jpg 624w, https:\/\/eticaeconomiafratelvittorino.it\/wp-content\/uploads\/2025\/03\/Foto-Articolo-3-custodire.jpg 1600w\" sizes=\"(max-width: 300px) 100vw, 300px\" \/><\/a>Al termine del secondo tavolo, Ermes Bampa ha chiamato un giovane a portare la propria testimonianza: si tratta di <strong>Paolo Sartori, ingegnere che ha lasciato il proprio <\/strong><strong>posto di lavoro, per dedicarsi all\u2019azienda agricola di famiglia.<br \/>\n<\/strong>Egli sta applicando nella propria azienda con successo i principi della sostenibilit\u00e0. Inoltre \u00e8 diventato di recente <strong>Assessore alle politiche giovanili del Comune di Albaredo d\u2019Adige<\/strong>. Il suo pap\u00e0,Gianni, \u00e8 stato battezzato da don Luigi Pedrollo ed il nonno Ernesto, era molto affezionato a Fratel Vittorino, dal quale ha attinto molti consigli utili per la propria attivit\u00e0.<br \/>\nDulcis in fundo, abbiamo avuto <strong>l\u2019onore\u00a0 della presenza del Vescovo di Verona<\/strong>,<br \/>\n<strong>Domenico Pompili<\/strong>, il quale ha tratto le conclusioni dell\u2019incontro. Il Vescovo ha apprezzato i vari interventi ed ha posto l\u2019accento sul fatto che <strong>l\u2019Agricoltore\u00a0 deve essere il Custode dell\u2019Ambiente e deve aver cura del proprio <\/strong><strong>territorio.<\/strong><br \/>\nInoltre ha affermato l\u2019urgenza di unire tutti gli sforzi a tutti i livelli, economici, politici\u00a0 e sociali per applicare i Principi della \u201cLaudato si \u201c.<br \/>\nSolo in questo modo, ha detto il Vescovo, sar\u00e0 possibile cercare di ridurre i problemi causati dagli effetti climatici, che anche l\u2019area dell\u2019est veronese ha dovuto subire di recente. Infine il Vescovo si \u00e8 congratulato col giovane Paolo Sartori, che \u00e8 ritornato a lavorare in agricoltura e per il suo impegno politico e l\u2019ha incoraggiato a spingere altri giovani a seguire il suo esempio. Ermes Bampa a conclusione della serata\u00a0 ha ringraziato tutti i relatori intervenuti ed ha ringraziato il Vescovo Domenico per il suo messaggio, ricordando che \u00e8 stato il <strong>Fondatore delle \u201c Comunit\u00e0 Laudato si \u201c, movimento di pensiero e azione impegnato a diffondere le idee e le pratiche dell\u2019Enciclica di Papa Francesco<\/strong>.<\/p>\n<p style=\"padding-left: 40px;\"><a href=\"https:\/\/eticaeconomiafratelvittorino.it\/?attachment_id=1422\" rel=\"attachment wp-att-1422\"><img decoding=\"async\" loading=\"lazy\" class=\" wp-image-1422 alignleft\" src=\"http:\/\/eticaeconomiafratelvittorino.it\/wp-content\/uploads\/2025\/03\/Foto-Articolo-6-custodire-225x300.jpg\" alt=\"\" width=\"260\" height=\"347\" srcset=\"https:\/\/eticaeconomiafratelvittorino.it\/wp-content\/uploads\/2025\/03\/Foto-Articolo-6-custodire-225x300.jpg 225w, https:\/\/eticaeconomiafratelvittorino.it\/wp-content\/uploads\/2025\/03\/Foto-Articolo-6-custodire-768x1024.jpg 768w, https:\/\/eticaeconomiafratelvittorino.it\/wp-content\/uploads\/2025\/03\/Foto-Articolo-6-custodire-1152x1536.jpg 1152w, https:\/\/eticaeconomiafratelvittorino.it\/wp-content\/uploads\/2025\/03\/Foto-Articolo-6-custodire-624x832.jpg 624w, https:\/\/eticaeconomiafratelvittorino.it\/wp-content\/uploads\/2025\/03\/Foto-Articolo-6-custodire.jpg 1200w\" sizes=\"(max-width: 260px) 100vw, 260px\" \/><\/a><\/p>\n<p><a href=\"http:\/\/eticaeconomiafratelvittorino.it\/?attachment_id=1430\" rel=\"attachment wp-att-1430\"><img decoding=\"async\" loading=\"lazy\" class=\" wp-image-1430 alignright\" src=\"http:\/\/eticaeconomiafratelvittorino.it\/wp-content\/uploads\/2025\/03\/Immagine-WhatsApp-2025-12-07-ore-16.09.47_862fe9af-225x300.jpg\" alt=\"\" width=\"256\" height=\"342\" srcset=\"https:\/\/eticaeconomiafratelvittorino.it\/wp-content\/uploads\/2025\/03\/Immagine-WhatsApp-2025-12-07-ore-16.09.47_862fe9af-225x300.jpg 225w, https:\/\/eticaeconomiafratelvittorino.it\/wp-content\/uploads\/2025\/03\/Immagine-WhatsApp-2025-12-07-ore-16.09.47_862fe9af-768x1024.jpg 768w, https:\/\/eticaeconomiafratelvittorino.it\/wp-content\/uploads\/2025\/03\/Immagine-WhatsApp-2025-12-07-ore-16.09.47_862fe9af-1152x1536.jpg 1152w, https:\/\/eticaeconomiafratelvittorino.it\/wp-content\/uploads\/2025\/03\/Immagine-WhatsApp-2025-12-07-ore-16.09.47_862fe9af-624x832.jpg 624w, https:\/\/eticaeconomiafratelvittorino.it\/wp-content\/uploads\/2025\/03\/Immagine-WhatsApp-2025-12-07-ore-16.09.47_862fe9af.jpg 1200w\" sizes=\"(max-width: 256px) 100vw, 256px\" \/><\/a><\/p>\n<p>&nbsp;<\/p>\n<p>&nbsp;<\/p>\n<p>&nbsp;<\/p>\n<p>&nbsp;<\/p>\n<p>&nbsp;<\/p>\n<p>&nbsp;<\/p>\n<p>&nbsp;<\/p>\n<p>Flavio Danese<\/p>\n","protected":false},"excerpt":{"rendered":"<p>L\u2019Associazione Etica Economia Fratel Vittorino, ha promosso a San Giacomo di Vago \u00a0(VR) un incontro dal titolo \u201cLaudato si \u201c : Custodire la Casa Comune, nel quale sono stati invitati alcuni sindaci ed imprenditori dell\u2019area Est Veronese a confrontarsi sui temi ambientali e sociali. Il moderatore dell\u2019incontro, Ermes Bampa, ha ricordato nell\u2019introduzione, che L\u2019Associazione ha [&hellip;]<\/p>\n","protected":false},"author":1,"featured_media":0,"comment_status":"closed","ping_status":"closed","sticky":false,"template":"","format":"standard","meta":{"footnotes":""},"categories":[1],"tags":[],"_links":{"self":[{"href":"https:\/\/eticaeconomiafratelvittorino.it\/index.php?rest_route=\/wp\/v2\/posts\/1418"}],"collection":[{"href":"https:\/\/eticaeconomiafratelvittorino.it\/index.php?rest_route=\/wp\/v2\/posts"}],"about":[{"href":"https:\/\/eticaeconomiafratelvittorino.it\/index.php?rest_route=\/wp\/v2\/types\/post"}],"author":[{"embeddable":true,"href":"https:\/\/eticaeconomiafratelvittorino.it\/index.php?rest_route=\/wp\/v2\/users\/1"}],"replies":[{"embeddable":true,"href":"https:\/\/eticaeconomiafratelvittorino.it\/index.php?rest_route=%2Fwp%2Fv2%2Fcomments&post=1418"}],"version-history":[{"count":3,"href":"https:\/\/eticaeconomiafratelvittorino.it\/index.php?rest_route=\/wp\/v2\/posts\/1418\/revisions"}],"predecessor-version":[{"id":1432,"href":"https:\/\/eticaeconomiafratelvittorino.it\/index.php?rest_route=\/wp\/v2\/posts\/1418\/revisions\/1432"}],"wp:attachment":[{"href":"https:\/\/eticaeconomiafratelvittorino.it\/index.php?rest_route=%2Fwp%2Fv2%2Fmedia&parent=1418"}],"wp:term":[{"taxonomy":"category","embeddable":true,"href":"https:\/\/eticaeconomiafratelvittorino.it\/index.php?rest_route=%2Fwp%2Fv2%2Fcategories&post=1418"},{"taxonomy":"post_tag","embeddable":true,"href":"https:\/\/eticaeconomiafratelvittorino.it\/index.php?rest_route=%2Fwp%2Fv2%2Ftags&post=1418"}],"curies":[{"name":"wp","href":"https:\/\/api.w.org\/{rel}","templated":true}]}}