{"id":1371,"date":"2023-08-23T07:08:05","date_gmt":"2023-08-23T07:08:05","guid":{"rendered":"http:\/\/eticaeconomiafratelvittorino.it\/?p=1371"},"modified":"2023-08-23T07:08:05","modified_gmt":"2023-08-23T07:08:05","slug":"limpresa-di-francesco","status":"publish","type":"post","link":"https:\/\/eticaeconomiafratelvittorino.it\/?p=1371","title":{"rendered":"L&#8217;impresa di Francesco"},"content":{"rendered":"<p style=\"text-align: center;\"><a href=\"http:\/\/eticaeconomiafratelvittorino.it\/?attachment_id=1374\" rel=\"attachment wp-att-1374\"><img decoding=\"async\" loading=\"lazy\" class=\"alignnone size-medium wp-image-1374\" src=\"http:\/\/eticaeconomiafratelvittorino.it\/wp-content\/uploads\/2023\/08\/IMG-20230821-WA0004-300x225.jpg\" alt=\"\" width=\"300\" height=\"225\" srcset=\"https:\/\/eticaeconomiafratelvittorino.it\/wp-content\/uploads\/2023\/08\/IMG-20230821-WA0004-300x225.jpg 300w, https:\/\/eticaeconomiafratelvittorino.it\/wp-content\/uploads\/2023\/08\/IMG-20230821-WA0004-1024x768.jpg 1024w, https:\/\/eticaeconomiafratelvittorino.it\/wp-content\/uploads\/2023\/08\/IMG-20230821-WA0004-768x576.jpg 768w, https:\/\/eticaeconomiafratelvittorino.it\/wp-content\/uploads\/2023\/08\/IMG-20230821-WA0004-1536x1152.jpg 1536w, https:\/\/eticaeconomiafratelvittorino.it\/wp-content\/uploads\/2023\/08\/IMG-20230821-WA0004-624x468.jpg 624w, https:\/\/eticaeconomiafratelvittorino.it\/wp-content\/uploads\/2023\/08\/IMG-20230821-WA0004.jpg 2000w\" sizes=\"(max-width: 300px) 100vw, 300px\" \/><\/a><\/p>\n<p>Questo \u00e8 il titolo del forum organizzato di recente in fiera a Verona, dal Centro Toniolo, in collaborazione con Intrapresa.<br \/>\nLa nostra Associazione ha collaborato attivamente nell&#8217;organizzazione e nella logistica dell&#8217;evento.<br \/>\nL&#8217;obiettivo \u00e8 di <strong>cambiare il modo di fare impresa per restituire un&#8217;anima all&#8217;economia<\/strong>, seguendo le indicazioni di Papa Francesco che nel settembre 2022 ha convocato ad Assisi 1000 giovani provenienti da tutto il mondo per sottoscrivere un Patto volto a <strong>costruire un nuovo modello economico<\/strong> che abbia come fondamento la centralit\u00e0 dell&#8217;uomo e la salvaguardia del creato, impegnandosi <strong>a tradurre &#8220;gli ideali, i desideri, i valori in opere concrete&#8221;.<\/strong><br \/>\n<!--more-->L&#8217;incontro di Verona \u00e8 stato proprio quello di dare continuit\u00e0 e concretezza agli impegni assunti ad Assisi: hanno partecipato imprenditori, managers e docenti universitari i quali hanno portato le loro testimonianze ad un folto pubblico (quasi 500 persone), tra cui molti giovani, con un nutrito gruppo di studenti dell&#8217;Universit\u00e0 Cattolica.<br \/>\nTra le varie testimonianze alcune sono state particolarmente toccanti:<\/p>\n<ul>\n<li><strong>Livio Bertola<\/strong>, imprenditore, 4 figli, si \u00e8 innamorato dei principi dell&#8217;Economia di Comunione espressi da Chiara Lubich: in pieno periodo di Covid ha ottenuto una nuova commessa nel settore Metalmeccanico, ha creato una start up assumendo persone fragili, coloro che da altre parti non trovavano lavoro. Ebbene in poco tempo questa realt\u00e0 si \u00e8 sviluppata in modo eccezionale.<\/li>\n<li><strong>Gianluca Tacchella<\/strong>, Ceo di Carrera, ha spiegato che la sua azienda ha superato le varie difficolt\u00e0 solo con la sostenibilit\u00e0 sociale ed ambientale in tutta la filiera produttiva. Ha garantito un reddito certo ai produttori di cotone (Tagikistan) ed ha realizzato un ambiente confortevole alle sarte che realizzano i pantaloni ed altri prodotti.<\/li>\n<li><strong>Nicola Mele, <\/strong>imprenditore pugliese nel campo dell&#8217;informatica, ha venduto la sua azienda per creare un incubatore (happy network) di imprese nelle quali i collaboratori diventano soci di capitale, con uno spirito nuovo puntando sui valori e la condivisione.<\/li>\n<li><strong>Marina Salomon<\/strong>, imprenditrice veronese, ha espresso in modo chiaro che l&#8217;impresa deve essere impostata come una comunit\u00e0 nella quale valorizzare i talenti e puntare a realizzare il bene comune.<\/li>\n<li><strong>Alberto Minali<\/strong>, imprenditore e manager di lungo corso, ha illustrato come nell&#8217;azienda quale \u00e8 amministratore (Revo Assicurazioni), ogni collaboratore \u00e8 aiutato a realizzare la propria vocazione con lo studio di nuovi processi e con sistemi di incentivazione. In modo particolare i giovani devono diventare imprenditori di s\u00e9 stessi.<\/li>\n<li><strong>Stefano<\/strong> <strong>Zamagni<\/strong>, Economista, ha illustrato come &#8220;l&#8217;Economia di Francesco&#8221; punta su un nuovo sistema economico, che nasce dalle ceneri del fallimento del modello capitalistico, che non \u00e8 riuscito a tenete unite le dimensioni economiche, sociali ed ambientali.<br \/>\n\u00c8 necessario invece far dialogare le tre dimensioni per evitare le devastanti conseguenze che sono sotto gli occhi di tutti: cambiamenti climatici, sfruttamento dei paesi emergenti e divario nord\/sud del mondo.<\/li>\n<\/ul>\n<p>Dopo le testimonianze sono stati organizzati dei workshop in piccoli gruppi (max 20 persone) con gli approfondimenti sulle varie tematiche: cultura d&#8217;impresa, sostenibilit\u00e0 e fragilit\u00e0 umana.<br \/>\nAlcuni componenti della nostra Associazione hanno partecipato a questi workshop ed hanno portato la propria esperienza riguardo le tematiche sopracitate: comunque \u00e8 emerso in modo inequivocabile che <strong>sia i giovani che alcuni managers ed imprenditori desiderano ardentemente realizzare questo nuovo modello economico<\/strong>.<br \/>\nA tal proposito la nostra Associazione, ha un grande patrimonio di esperienze e di pensiero, grazie ad un figlio spirituale di San Giovanni Calabria:<strong> Fratel Vittorino, il quale per ben 30 anni dagli anni 60 agli anni 90 del secolo scorso si \u00e8 prodigato per &#8220;dare un&#8217;anima all&#8217;economia&#8221;.<\/strong><\/p>\n<p><strong><a href=\"http:\/\/eticaeconomiafratelvittorino.it\/?attachment_id=1373\" rel=\"attachment wp-att-1373\"><img decoding=\"async\" loading=\"lazy\" class=\"size-medium wp-image-1373 aligncenter\" src=\"http:\/\/eticaeconomiafratelvittorino.it\/wp-content\/uploads\/2023\/08\/IMG-20230821-WA0003-300x225.jpg\" alt=\"\" width=\"300\" height=\"225\" srcset=\"https:\/\/eticaeconomiafratelvittorino.it\/wp-content\/uploads\/2023\/08\/IMG-20230821-WA0003-300x225.jpg 300w, https:\/\/eticaeconomiafratelvittorino.it\/wp-content\/uploads\/2023\/08\/IMG-20230821-WA0003-1024x768.jpg 1024w, https:\/\/eticaeconomiafratelvittorino.it\/wp-content\/uploads\/2023\/08\/IMG-20230821-WA0003-768x576.jpg 768w, https:\/\/eticaeconomiafratelvittorino.it\/wp-content\/uploads\/2023\/08\/IMG-20230821-WA0003-1536x1152.jpg 1536w, https:\/\/eticaeconomiafratelvittorino.it\/wp-content\/uploads\/2023\/08\/IMG-20230821-WA0003-624x468.jpg 624w, https:\/\/eticaeconomiafratelvittorino.it\/wp-content\/uploads\/2023\/08\/IMG-20230821-WA0003.jpg 2000w\" sizes=\"(max-width: 300px) 100vw, 300px\" \/><\/a><\/strong>Per capire la portata profetica Fratel Vittorino \u00e8 possibile leggere sul sito dell&#8217;Associazione (<a href=\"http:\/\/eticaeconomiafratelvittorino.it\">www.eticaeconomiafratelvittorino.it<\/a>) alla voce pubblicazioni il testo &#8220;Dare \u00e8 Avere&#8221;. Infatti molti concetti e pensieri di Papa Francesco sull&#8217;economia sono uguali a quelli di Fratel Vittorino.<br \/>\nNon a caso Padre Flavio Roberto, Vescovo di Verona, nel 2006 pochi mesi prima di terminare il proprio Ministero vescovile ci ha sollecitato di far conoscere e divulgare i pensieri di Fratel Vittorino, fedele discepolo di San Giovanni Calabria.<br \/>\nTerminiamo queste nostre considerazioni col pensiero del Vescovo Domenico, che pur lontano da Verona per le esequie del pap\u00e0, non ha voluto far mancare una breve riflessione conclusiva al Forum di Verona e che ha condensato in tre termini: <strong>persona, lavoro e connessione<\/strong>.<br \/>\n&#8220;L&#8217;economia per essere a servizio dell&#8217;uomo, ha ribadito, deve riconoscere la centralit\u00e0 della persona e del lavoro, che vale pi\u00f9 del capitale e del profitto. In questa visione trova spazio l&#8217;attivit\u00e0 propulsiva che connette le diverse dimensioni in una visione unitaria di bene comune&#8221;.<\/p>\n<p style=\"text-align: right;\">Matteo Grigoletti<\/p>\n<p><a href=\"http:\/\/eticaeconomiafratelvittorino.it\/?attachment_id=1372\" rel=\"attachment wp-att-1372\"><img decoding=\"async\" loading=\"lazy\" class=\"size-medium wp-image-1372 aligncenter\" src=\"http:\/\/eticaeconomiafratelvittorino.it\/wp-content\/uploads\/2023\/08\/IMG-20230821-WA0002-300x225.jpg\" alt=\"\" width=\"300\" height=\"225\" srcset=\"https:\/\/eticaeconomiafratelvittorino.it\/wp-content\/uploads\/2023\/08\/IMG-20230821-WA0002-300x225.jpg 300w, https:\/\/eticaeconomiafratelvittorino.it\/wp-content\/uploads\/2023\/08\/IMG-20230821-WA0002-1024x768.jpg 1024w, https:\/\/eticaeconomiafratelvittorino.it\/wp-content\/uploads\/2023\/08\/IMG-20230821-WA0002-768x576.jpg 768w, https:\/\/eticaeconomiafratelvittorino.it\/wp-content\/uploads\/2023\/08\/IMG-20230821-WA0002-1536x1152.jpg 1536w, https:\/\/eticaeconomiafratelvittorino.it\/wp-content\/uploads\/2023\/08\/IMG-20230821-WA0002-624x468.jpg 624w, https:\/\/eticaeconomiafratelvittorino.it\/wp-content\/uploads\/2023\/08\/IMG-20230821-WA0002.jpg 2000w\" sizes=\"(max-width: 300px) 100vw, 300px\" \/><\/a><\/p>\n<p>&nbsp;<\/p>\n<p>&nbsp;<\/p>\n<p><span style=\"font-family: Arial, serif;\"><span style=\"font-size: large;\">\u00a0<\/span><\/span><\/p>\n","protected":false},"excerpt":{"rendered":"<p>Questo \u00e8 il titolo del forum organizzato di recente in fiera a Verona, dal Centro Toniolo, in collaborazione con Intrapresa. La nostra Associazione ha collaborato attivamente nell&#8217;organizzazione e nella logistica dell&#8217;evento. L&#8217;obiettivo \u00e8 di cambiare il modo di fare impresa per restituire un&#8217;anima all&#8217;economia, seguendo le indicazioni di Papa Francesco che nel settembre 2022 ha [&hellip;]<\/p>\n","protected":false},"author":1,"featured_media":0,"comment_status":"closed","ping_status":"closed","sticky":false,"template":"","format":"standard","meta":{"footnotes":""},"categories":[1],"tags":[],"_links":{"self":[{"href":"https:\/\/eticaeconomiafratelvittorino.it\/index.php?rest_route=\/wp\/v2\/posts\/1371"}],"collection":[{"href":"https:\/\/eticaeconomiafratelvittorino.it\/index.php?rest_route=\/wp\/v2\/posts"}],"about":[{"href":"https:\/\/eticaeconomiafratelvittorino.it\/index.php?rest_route=\/wp\/v2\/types\/post"}],"author":[{"embeddable":true,"href":"https:\/\/eticaeconomiafratelvittorino.it\/index.php?rest_route=\/wp\/v2\/users\/1"}],"replies":[{"embeddable":true,"href":"https:\/\/eticaeconomiafratelvittorino.it\/index.php?rest_route=%2Fwp%2Fv2%2Fcomments&post=1371"}],"version-history":[{"count":3,"href":"https:\/\/eticaeconomiafratelvittorino.it\/index.php?rest_route=\/wp\/v2\/posts\/1371\/revisions"}],"predecessor-version":[{"id":1377,"href":"https:\/\/eticaeconomiafratelvittorino.it\/index.php?rest_route=\/wp\/v2\/posts\/1371\/revisions\/1377"}],"wp:attachment":[{"href":"https:\/\/eticaeconomiafratelvittorino.it\/index.php?rest_route=%2Fwp%2Fv2%2Fmedia&parent=1371"}],"wp:term":[{"taxonomy":"category","embeddable":true,"href":"https:\/\/eticaeconomiafratelvittorino.it\/index.php?rest_route=%2Fwp%2Fv2%2Fcategories&post=1371"},{"taxonomy":"post_tag","embeddable":true,"href":"https:\/\/eticaeconomiafratelvittorino.it\/index.php?rest_route=%2Fwp%2Fv2%2Ftags&post=1371"}],"curies":[{"name":"wp","href":"https:\/\/api.w.org\/{rel}","templated":true}]}}