{"id":1334,"date":"2023-01-09T16:59:02","date_gmt":"2023-01-09T16:59:02","guid":{"rendered":"http:\/\/eticaeconomiafratelvittorino.it\/?p=1334"},"modified":"2023-01-09T16:59:02","modified_gmt":"2023-01-09T16:59:02","slug":"silvano-pedrollo-ha-ricevuto-il-fiore-della-gratitudine-da-papa-francesco","status":"publish","type":"post","link":"https:\/\/eticaeconomiafratelvittorino.it\/?p=1334","title":{"rendered":"SILVANO PEDROLLO HA RICEVUTO IL \u201cFIORE DELLA GRATITUDINE\u201d DA PAPA FRANCESCO"},"content":{"rendered":"<div id=\"attachment_1338\" style=\"width: 310px\" class=\"wp-caption aligncenter\"><a href=\"http:\/\/eticaeconomiafratelvittorino.it\/?attachment_id=1338\" rel=\"attachment wp-att-1338\"><img aria-describedby=\"caption-attachment-1338\" decoding=\"async\" loading=\"lazy\" class=\"size-medium wp-image-1338\" src=\"http:\/\/eticaeconomiafratelvittorino.it\/wp-content\/uploads\/2023\/01\/Silvano-Pedrollo-con-papa-Francesco-300x205.jpg\" alt=\"\" width=\"300\" height=\"205\" srcset=\"https:\/\/eticaeconomiafratelvittorino.it\/wp-content\/uploads\/2023\/01\/Silvano-Pedrollo-con-papa-Francesco-300x205.jpg 300w, https:\/\/eticaeconomiafratelvittorino.it\/wp-content\/uploads\/2023\/01\/Silvano-Pedrollo-con-papa-Francesco-1024x700.jpg 1024w, https:\/\/eticaeconomiafratelvittorino.it\/wp-content\/uploads\/2023\/01\/Silvano-Pedrollo-con-papa-Francesco-768x525.jpg 768w, https:\/\/eticaeconomiafratelvittorino.it\/wp-content\/uploads\/2023\/01\/Silvano-Pedrollo-con-papa-Francesco-1536x1050.jpg 1536w, https:\/\/eticaeconomiafratelvittorino.it\/wp-content\/uploads\/2023\/01\/Silvano-Pedrollo-con-papa-Francesco-2048x1400.jpg 2048w, https:\/\/eticaeconomiafratelvittorino.it\/wp-content\/uploads\/2023\/01\/Silvano-Pedrollo-con-papa-Francesco-624x426.jpg 624w\" sizes=\"(max-width: 300px) 100vw, 300px\" \/><\/a><p id=\"caption-attachment-1338\" class=\"wp-caption-text\">Silvano Pedrollo con papa Francesco<\/p><\/div>\n<p><span style=\"font-size: medium;\">\u00a0I<\/span><span style=\"font-size: medium;\">l francescano siriano padre Hanna Jallouf, che vive il dramma di un popolo vittima di una guerra infinita; il clochard Gian Piero, detto Wu\u00e9, che ogni giorno devolve a chi ha ancor meno di lui parte delle elemosine che riceve; Silvano Pedrollo, <\/span><span style=\"font-size: medium;\">l\u2019imprenditore veronese che attraverso le pompe prodotte dalla sua azienda di San Bonifacio <\/span><span style=\"font-size: medium;\">diffonde <\/span><span style=\"font-size: medium;\">in tutto il mondo l\u2019impareggiabile ricchezza dell\u2019acqua. <\/span><\/p>\n<p><!--more--><\/p>\n<p><span style=\"font-size: medium;\">Queste le tre persone <\/span><span style=\"font-size: medium;\">simbolicamente scelte <\/span><span style=\"font-size: medium;\">cui Papa Francesco, per i suoi 86 anni, ha <\/span><span style=\"font-size: medium;\">offerto<\/span><span style=\"font-size: medium;\"> \u2013 lo scorso17 dicembre, <\/span><span style=\"font-size: medium;\">nel palazzo apostolico<\/span><span style=\"font-size: medium;\"> \u2013 il \u201cfiore della gratitudine\u201d: un piccolo mappamondo inserito in un cubo a ricordare che l\u2019amore ci tiene uniti. <\/span><span style=\"font-size: medium;\">Il riconoscimento ha inteso premiare cos\u00ec il religioso e i due laici che hanno messo in pratica l\u2019eredit\u00e0 di Madre Teresa di Calcutta, prendersi cura degli ultimi. <\/span><span style=\"font-family: Liberation Serif, serif;\"><span style=\"font-size: medium;\">\u00ab<\/span><\/span><span style=\"font-size: medium;\">\u00c8 stato un momento molto <\/span><span style=\"font-size: medium;\">toccante<\/span><span style=\"font-size: medium;\"> e sereno, che mi ha riempito di gioia perch\u00e9 il Santo Padre ha esordito dicendo che era una<\/span> <span style=\"font-size: medium;\">bella<\/span><span style=\"font-size: medium;\"> giornata poter festeggiare il suo compleanno e ringraziare chi ha fatto proprio il dono della carit\u00e0.\u2013 <\/span><span style=\"font-size: medium;\">commenta <\/span><span style=\"font-size: medium;\"> Pedrollo -. <\/span><span style=\"font-size: medium;\">Ho provato un\u2019emozione difficile da descrivere. Ascoltare le parole del Papa \u00e8 stato come <\/span><span style=\"font-size: medium;\">ottenere<\/span><span style=\"font-size: medium;\"> la conferma che qualsiasi azione, per quanto piccola, finalizzata a migliorare la vita delle persone, non \u00e8 solo giusta ma necessaria e doverosa<\/span><span style=\"font-family: Liberation Serif, serif;\"><span style=\"font-size: medium;\">\u00bb<\/span><\/span><span style=\"font-family: Liberation Serif, serif;\"><span style=\"font-size: medium;\">.<br \/>\n<\/span><\/span><span style=\"font-size: medium;\"><b>Ingegner <\/b><b>Pedrollo, ci illustri la sua attivit\u00e0 verso i Paesi <\/b><b>meno fortunati.<br \/>\n<\/b><\/span><span style=\"font-size: medium;\"><span style=\"font-family: Liberation Serif, serif;\">\u00ab<\/span>Cerchiamo di alleviare le difficolt\u00e0 recando l\u2019acqua a chi ne \u00e8 privo. Un gesto semplice, in apparenza, ma credo che l\u2019opportunit<span style=\"font-family: Liberation Serif, serif;\">\u00e0<\/span> di accedere all\u2019acqua pulita segni il confine tra chi soffre e chi pu\u00f2 ritrovare la speranza di un futuro migliore. La chiamano &#8220;oro blu&#8221;, ed \u00e8 la descrizione corretta per un gioiello del Creato che non solo permette di far crescere i raccolti, ma rende possibile combattere le malattie, dare un\u2019istruzione ai pi\u00f9 piccoli, aprire la strada verso il progresso sociale. La nostra azienda produce elettropompe, che &#8211; grazie ai pozzi scavati nei villaggi &#8211; portano alla luce l\u2019acqua celata in profondit\u00e0 anche nelle terre pi\u00f9 aride. Una volta assicurata l\u2019acqua, possiamo pensare a scuole e ospedali: cos\u00ec la nostra passione per l\u2019innovazione e per i frutti di un lavoro fatto bene ci mette al servizio di una societ\u00e0 diversa, pi\u00f9 giusta<span style=\"font-family: Liberation Serif, serif;\">\u00bb<\/span>.<br \/>\n<\/span><span style=\"font-size: medium;\"><b>Il vostro <\/b><b>sguardo non \u00e8 rivolto solo all\u2019Africa, ma anche ad altri continenti.<br \/>\n<\/b><\/span><span style=\"font-size: medium;\"><span style=\"font-family: Liberation Serif, serif;\">\u00ab<\/span>In Africa abbiamo scavato oltre 1300 pozzi e dissetato pi\u00f9 di due milioni di persone, ma non c\u2019\u00e8 angolo di mondo che sia davvero al riparo, al sicuro dal bisogno e da una costante lotta per sopravvivere e progredire. In Asia e in America Latina, ma anche nella stessa Europa le zone d\u2019ombra di moltitudini di poveri confinano con la ricchezza di pochi. Il nostro lavoro ci pone a contatto diretto con le contraddizioni sociali, e non possiamo voltarci dall\u2019altra parte: il dolore del mondo \u00e8 evidente e ci chiama con una voce silenziosa ma assordante<span style=\"font-family: Liberation Serif, serif;\">\u00bb<\/span>.<br \/>\n<\/span><span style=\"font-size: medium;\"><b>Provi a <\/b><b>tratteggiare questa sensazione d\u2019 urgenza con due semplici immagini.<br \/>\n<\/b><\/span><span style=\"font-size: medium;\"><span style=\"font-family: Liberation Serif, serif;\">\u00ab<\/span>La prima ha come sfondo le terre aride dell\u2019Africa e del Medio Oriente. Un terreno riarso e in apparenza avaro che pu\u00f2 dare frutti rigogliosi se riceve anche pochi litri d\u2019acqua. Abbiamo davanti agli occhi un dono che fa fiorire il deserto. All\u2019altro estremo c\u2019\u00e8 un Paese poverissimo come il Bangladesh, dove l\u2019acqua \u00e8 presente in abbondanza ma va incanalata e ordinata perch\u00e9 sia davvero utile. Mi chiesero una pompa che li aiutasse a spostare l\u2019acqua da una risaia all\u2019altra, ma erano poveri e per loro era importante che fosse a basso prezzo, che durasse a lungo e che consumasse poco. I miei tecnici progettarono una piccola pompa che alla fine costava come due pizze: ne abbiamo prodotte milioni di esemplari, e oggi il Bangladesh \u00e8 passato da due a tre raccolti l\u2019anno. Basta poco, ha detto Papa Francesco: \u201cNon \u00e8 mai solo una semplice beneficenza: per la carit\u00e0 occorre la vicinanza\u201d<span style=\"font-family: Liberation Serif, serif;\">\u00bb<\/span>.<br \/>\n<\/span><span style=\"font-size: medium;\"><b>L\u2019innovazione in cui la sua azienda primeggia \u00e8 alleata della solidariet\u00e0?<br \/>\n<\/b><\/span><span style=\"font-size: medium;\"><span style=\"font-family: Liberation Serif, serif;\">\u00ab<\/span>Sono assolutamente convinto che un\u2019impresa deve essere competitiva, ma anche consapevole e protagonista del cambiamento. E la nostra competenza nel movimentare l\u2019acqua, per chi crede, \u00e8 un segno che non va ignorato: il nostro Progetto Acqua si nutre di una tecnologia all\u2019avanguardia che oltre a farci crescere sui mercati contribuisce a portare ai pi\u00f9 poveri l\u2019acqua pulita per bere, lavarsi, coltivare e costruire il futuro dei propri figli. Per chi non pu\u00f2 pagare il carburante dei generatori, abbiamo adattato alle pompe l\u2019energia solare ed eolica, e in questo modo possiamo anche preservare l\u2019ambiente. E manteniamo i prezzi alla portata dei Paesi pi\u00f9 bisognosi, perch\u00e9 sarebbe uno scandalo speculare sui pi\u00f9 deboli: l\u2019acqua non \u00e8 un business<span style=\"font-family: Liberation Serif, serif;\">\u00bb<\/span>.<br \/>\n<\/span><span style=\"font-size: medium;\"><b>Accanto all\u2019acqua oggi anche l\u2019energia \u00e8 un bene sempre pi\u00f9 prezioso.<br \/>\n<\/b><\/span><span style=\"font-size: medium;\"><span style=\"font-family: Liberation Serif, serif;\">\u00ab<\/span>Anche noi in azienda sentiamo quanto pesa il costo dell\u2019energia, e il rispetto dell\u2019ambiente \u00e8 un imperativo morale che ci spinge verso l\u2019autosufficienza energetica. Gli impianti fotovoltaici generano fino a 3 megawatt, ricicliamo l\u2019acqua piovana per l\u2019antincendio e per l\u2019uso industriale, abbiamo macchinari a basso consumo e alta efficienza per ridurre gli sprechi, e cos\u00ec facendo i consumi si sono ridotti del 30%. Anche i motori elettrici che muovono le nostre elettropompe consumano dal 20 al 50% in meno, con un netto risparmio per i clienti e un beneficio per il pianeta. Un\u2019impresa armonica \u00e8 capace di trasformarsi solo se \u00e8 anche vitale e solidale<span style=\"font-family: Liberation Serif, serif;\">\u00bb<\/span>.<br \/>\n<\/span><span style=\"font-size: medium;\"><b>Quindi, per sottolineare il senso profondo del riconoscimento che Papa Francesco le ha assegnato, business e pensiero etico possono convivere.<br \/>\n<\/b><\/span><span style=\"font-size: medium;\"><span style=\"font-family: Liberation Serif, serif;\">\u00ab<\/span>Non possono: devono farlo. Lo sviluppo \u00e8 importante ed \u00e8 nella natura del nostro lavoro, ma etica e rispetto lo sono altrettanto e oltre a solidi valori richiedono azioni concrete. Come imprenditore so di poter contribuire ad alleviare, almeno in piccola parte, i drammi del mondo: povert\u00e0, carestia, sete, malattie e mancanza di istruzione. Non farlo e voltarsi dall\u2019altra parte sarebbe profondamente ingiusto, sottolinea il Santo Padre ogni volta che ci parla di chi \u00e8 meno fortunato di noi. Credo che negli uomini il bene sia come l\u2019acqua: in profondit\u00e0 c\u2019\u00e8 sempre ma va fatto emergere, portato in superficie, tra noi. E il successo di un\u2019azienda non si pu\u00f2 misurare solo con il profitto, ma anche con il bene donato<span style=\"font-family: Liberation Serif, serif;\">\u00bb<\/span>.<\/span><\/p>\n<p style=\"text-align: right;\"><span style=\"font-size: medium;\"><b>Maria Bertilla Franchetti<\/b><\/span><\/p>\n","protected":false},"excerpt":{"rendered":"<p>\u00a0Il francescano siriano padre Hanna Jallouf, che vive il dramma di un popolo vittima di una guerra infinita; il clochard Gian Piero, detto Wu\u00e9, che ogni giorno devolve a chi ha ancor meno di lui parte delle elemosine che riceve; Silvano Pedrollo, l\u2019imprenditore veronese che attraverso le pompe prodotte dalla sua azienda di San Bonifacio [&hellip;]<\/p>\n","protected":false},"author":1,"featured_media":0,"comment_status":"closed","ping_status":"closed","sticky":false,"template":"","format":"standard","meta":{"footnotes":""},"categories":[12],"tags":[],"_links":{"self":[{"href":"https:\/\/eticaeconomiafratelvittorino.it\/index.php?rest_route=\/wp\/v2\/posts\/1334"}],"collection":[{"href":"https:\/\/eticaeconomiafratelvittorino.it\/index.php?rest_route=\/wp\/v2\/posts"}],"about":[{"href":"https:\/\/eticaeconomiafratelvittorino.it\/index.php?rest_route=\/wp\/v2\/types\/post"}],"author":[{"embeddable":true,"href":"https:\/\/eticaeconomiafratelvittorino.it\/index.php?rest_route=\/wp\/v2\/users\/1"}],"replies":[{"embeddable":true,"href":"https:\/\/eticaeconomiafratelvittorino.it\/index.php?rest_route=%2Fwp%2Fv2%2Fcomments&post=1334"}],"version-history":[{"count":6,"href":"https:\/\/eticaeconomiafratelvittorino.it\/index.php?rest_route=\/wp\/v2\/posts\/1334\/revisions"}],"predecessor-version":[{"id":1341,"href":"https:\/\/eticaeconomiafratelvittorino.it\/index.php?rest_route=\/wp\/v2\/posts\/1334\/revisions\/1341"}],"wp:attachment":[{"href":"https:\/\/eticaeconomiafratelvittorino.it\/index.php?rest_route=%2Fwp%2Fv2%2Fmedia&parent=1334"}],"wp:term":[{"taxonomy":"category","embeddable":true,"href":"https:\/\/eticaeconomiafratelvittorino.it\/index.php?rest_route=%2Fwp%2Fv2%2Fcategories&post=1334"},{"taxonomy":"post_tag","embeddable":true,"href":"https:\/\/eticaeconomiafratelvittorino.it\/index.php?rest_route=%2Fwp%2Fv2%2Ftags&post=1334"}],"curies":[{"name":"wp","href":"https:\/\/api.w.org\/{rel}","templated":true}]}}