{"id":1322,"date":"2022-01-25T08:25:29","date_gmt":"2022-01-25T08:25:29","guid":{"rendered":"http:\/\/eticaeconomiafratelvittorino.it\/?p=1322"},"modified":"2022-01-25T08:25:29","modified_gmt":"2022-01-25T08:25:29","slug":"incontro-sullenciclica-fratelli-tutti-2","status":"publish","type":"post","link":"https:\/\/eticaeconomiafratelvittorino.it\/?p=1322","title":{"rendered":"INCONTRO SULL\u2019ENCICLICA FRATELLI TUTTI"},"content":{"rendered":"<p style=\"text-align: center;\" align=\"justify\">\n<p style=\"text-align: center;\" align=\"justify\">\n<p align=\"justify\"><a href=\"http:\/\/eticaeconomiafratelvittorino.it\/?attachment_id=1328\" rel=\"attachment wp-att-1328\"><img decoding=\"async\" loading=\"lazy\" class=\" wp-image-1328 aligncenter\" src=\"http:\/\/eticaeconomiafratelvittorino.it\/wp-content\/uploads\/2022\/01\/Fratelli-tutti-300x300.jpg\" alt=\"\" width=\"244\" height=\"244\" srcset=\"https:\/\/eticaeconomiafratelvittorino.it\/wp-content\/uploads\/2022\/01\/Fratelli-tutti-300x300.jpg 300w, https:\/\/eticaeconomiafratelvittorino.it\/wp-content\/uploads\/2022\/01\/Fratelli-tutti-1024x1024.jpg 1024w, https:\/\/eticaeconomiafratelvittorino.it\/wp-content\/uploads\/2022\/01\/Fratelli-tutti-150x150.jpg 150w, https:\/\/eticaeconomiafratelvittorino.it\/wp-content\/uploads\/2022\/01\/Fratelli-tutti-768x768.jpg 768w, https:\/\/eticaeconomiafratelvittorino.it\/wp-content\/uploads\/2022\/01\/Fratelli-tutti-1536x1536.jpg 1536w, https:\/\/eticaeconomiafratelvittorino.it\/wp-content\/uploads\/2022\/01\/Fratelli-tutti-2048x2048.jpg 2048w, https:\/\/eticaeconomiafratelvittorino.it\/wp-content\/uploads\/2022\/01\/Fratelli-tutti-624x624.jpg 624w\" sizes=\"(max-width: 244px) 100vw, 244px\" \/><\/a><\/p>\n<p align=\"justify\">\n<p align=\"justify\"><span style=\"font-size: medium;\">Sabato 4 settembre si \u00e8 tenuta presso l\u2019Arena Verde di Trevenzuolo (VR) una serata di approfondimento sull\u2019enciclica <\/span><span style=\"font-size: medium;\"><b>\u201cFratelli Tutti\u201d <\/b>di<b> Papa Francesco.<\/b><\/span><span style=\"font-size: medium;\"> Gli ospiti e relatori sono stati:<\/span><!--more--><\/p>\n<ul>\n<li><b>Don Miguel Tofful<\/b>, Superiore generale dell\u2019Opera Don Calabria<\/li>\n<li><b>Graziano Brentaro<\/b>, Presidente dell\u2019associazione \u201cCasa Nostra\u201d<\/li>\n<li><b>Giovanni Soriato,<\/b> Presidente della cooperativa Monteverde Onlus<\/li>\n<li><b>Claudia Tinto<\/b>, Responsabile Progetto accoglienza di Isola della Scala (Caritas diocesana)<\/li>\n<\/ul>\n<p align=\"justify\"><span style=\"font-size: medium;\">L\u2019iniziativa ha visto confermare il numeroso pubblico presente gi\u00e0 l\u2019anno scorso per l\u2019evento sulla \u201c<\/span><span style=\"font-size: medium;\"><b>Laudato S\u00ec<\/b><\/span><span style=\"font-size: medium;\">\u201d con soddisfazione per gli organizzatori. Hanno partecipato all\u2019evento anche molti componenti della <\/span><span style=\"font-size: medium;\"><b>famiglia calabriana<\/b><\/span><span style=\"font-size: medium;\">: Madre Lucia Bressan con un gruppo di sorelle, alcuni Fratelli Esterni, alcuni amici dell\u2019Associazione Fratel Perez e di Casa Nostra. <\/span><!--more--><!--more--><!--more--><!--more--><!--more--><\/p>\n<p align=\"justify\"><span style=\"font-size: medium;\">Nella prima parte della serata <\/span><span style=\"font-size: medium;\"><b>Don Miguel Tofful<\/b><\/span><span style=\"font-size: medium;\"> ha spiegato la struttura e il contenuto dell\u2019enciclica e le motivazioni che hanno portato il Santo Padre a scriverla. Don Miguel ha affermato che questa enciclica \u00e8 molto ricca, \u00e8 un gioiello ed \u00e8 stata accolta da tutti, a prescindere dal credo religioso. Ha affermato poi che Papa Francesco ha un cuore aperto alle diverse realt\u00e0 e pone la fratellanza come centro di partenza per una Rivoluzione del mondo. Don Miguel ha parlato inoltre della sintonia tra il Carisma dell\u2019Opera Don Calabria ed i principi dell\u2019enciclica.<\/span><\/p>\n<p align=\"justify\"><span style=\"font-size: medium;\">Don Calabria \u00e8 stato un precursore dei temi dell\u2019accoglienza e della fraternit\u00e0: ha fatto propria la parabola del \u201cBuon Samaritano \u201c Papa Francesco nell\u2019enciclica dedica un capitolo a questa parabola.<br \/>\n<\/span>\u201c <span style=\"font-size: medium;\">Il Buon Samaritano \u00e8 stato capace di mettere tutto da parte davanti a quel ferito, e senza conoscerlo lo ha considerato degno di ricevere il dono del suo tempo: si \u00e8 fermato, gli ha donato vicinanza, lo ha curato con le sue mani\u201d ( Fratelli Tutti).<br \/>\n<\/span><span style=\"font-size: medium;\"><b>Ermes Bampa<\/b><\/span><span style=\"font-size: medium;\">, moderatore della prima parte della serata, ha portato la testimonianza dello spirito di accoglienza di un figlio prediletto di Don Calabria: <\/span><span style=\"font-size: medium;\"><b>Fratel Vittorino<\/b><\/span><span style=\"font-size: medium;\">, il quale riceveva giornalmente centinaia di persone e dava loro un consiglio, un conforto e una consolazione. Fratel Vittorino, come figlio di Don Calabria, ha anticipato i valori della fratellanza e della solidariet\u00e0 espressi nella enciclica.<br \/>\n<\/span><span style=\"font-size: medium;\"><b>Graziano Brentaro,<\/b><\/span><span style=\"font-size: medium;\"> ha raccontato le finalit\u00e0 e vari aneddoti dell\u2019Associazione \u201cCasa Nostra\u201d che ha offerto, anche nel contesto difficile della pandemia, un pasto caldo e un posto dove dormire a tutti i fratelli che ne hanno fatto richiesta. Molto toccanti sono stati alcuni episodi raccontati da Graziano , riguardo la delicatezza, attenzione e pazienza nell\u2019accogliere gli \u201cultimi\u201d. <\/span><span style=\"font-size: medium;\">Gli ospiti della seconda parte, <\/span><span style=\"font-size: medium;\"><b>Giovanni Soriato <\/b>di <b>Monteverde Onlus<\/b><\/span><span style=\"font-size: medium;\"> e <\/span><span style=\"font-size: medium;\"><b>Claudia Tinto <\/b>del <strong>Progetto<\/strong><\/span> <span style=\"font-size: medium;\"><strong>accoglienza<\/strong> della Parrocchia di Isola della Scala<\/span><span style=\"font-size: medium;\">, grazie alla loro esperienza professionale e privata hanno portato degli esempi pratici di come l\u2019enciclica pu\u00f2 essere vissuta sul nostro territorio.<\/span><\/p>\n<p align=\"justify\"><span style=\"font-size: medium;\"><b>Giovanni Soriato,<\/b><\/span><span style=\"font-size: medium;\"> ha spiegato vari progetti della cooperativa Monteverde, attiva soprattutto nell\u2019est veronese, che riguardano principalmente l\u2019inclusione sociale dei fratelli diversamente abili e l\u2019attenzione al disagio giovanile con proposte educative innovative.<br \/>\n<\/span><span style=\"font-size: medium;\"><b>Claudia Tinto,<\/b><\/span><span style=\"font-size: medium;\"> ha raccontato la bellezza ma anche le difficolt\u00e0 pratiche nell\u2019attivit\u00e0 di accoglienza di un piccolo gruppo di giovani profughi dal Gambia. Il Progetto Accoglienza \u00e8 ormai alla sua seconda edizione, tra il pubblico dell\u2019Arena Verde era presente anche un giovane che ne ha fatto parte negli anni scorsi e a sua volta ci ha regalato qualche aspetto della sua esperienza.<br \/>\n<\/span><span style=\"font-size: medium;\">L\u2019 \u201c<\/span><span style=\"font-size: medium;\"><b>Associazione Etica ed Economia Fratel Vittorino<\/b><\/span><span style=\"font-size: medium;\">\u201d promotrice della serata assieme ai circoli NOI di Trevenzuolo \u201cSanta Maria Maddalena\u201d ed il circolo NOI di Roncolev\u00e0 \u201cIl Faro\u201d che hanno reso possibile la serata ringrazia tutti i Testimonial che hanno arricchito la serata della loro esperienza ed entusiasmo.<br \/>\n<\/span><span style=\"font-size: medium;\">E\u2019 necessario lasciarci contagiare da questi valori: solo in questo modo potremo realizzare il <\/span><span style=\"font-size: medium;\"><b>\u201csogno\u201d di Papa Francesco di una societ\u00e0 pi\u00f9 umana e fraterna.<\/b><\/span><\/p>\n<p style=\"text-align: right;\" align=\"justify\"><span style=\"font-size: medium;\">Matteo Grigoletti<\/span><\/p>\n","protected":false},"excerpt":{"rendered":"<p>Sabato 4 settembre si \u00e8 tenuta presso l\u2019Arena Verde di Trevenzuolo (VR) una serata di approfondimento sull\u2019enciclica \u201cFratelli Tutti\u201d di Papa Francesco. Gli ospiti e relatori sono stati:<\/p>\n","protected":false},"author":1,"featured_media":0,"comment_status":"closed","ping_status":"closed","sticky":false,"template":"","format":"standard","meta":{"footnotes":""},"categories":[1],"tags":[],"_links":{"self":[{"href":"https:\/\/eticaeconomiafratelvittorino.it\/index.php?rest_route=\/wp\/v2\/posts\/1322"}],"collection":[{"href":"https:\/\/eticaeconomiafratelvittorino.it\/index.php?rest_route=\/wp\/v2\/posts"}],"about":[{"href":"https:\/\/eticaeconomiafratelvittorino.it\/index.php?rest_route=\/wp\/v2\/types\/post"}],"author":[{"embeddable":true,"href":"https:\/\/eticaeconomiafratelvittorino.it\/index.php?rest_route=\/wp\/v2\/users\/1"}],"replies":[{"embeddable":true,"href":"https:\/\/eticaeconomiafratelvittorino.it\/index.php?rest_route=%2Fwp%2Fv2%2Fcomments&post=1322"}],"version-history":[{"count":8,"href":"https:\/\/eticaeconomiafratelvittorino.it\/index.php?rest_route=\/wp\/v2\/posts\/1322\/revisions"}],"predecessor-version":[{"id":1332,"href":"https:\/\/eticaeconomiafratelvittorino.it\/index.php?rest_route=\/wp\/v2\/posts\/1322\/revisions\/1332"}],"wp:attachment":[{"href":"https:\/\/eticaeconomiafratelvittorino.it\/index.php?rest_route=%2Fwp%2Fv2%2Fmedia&parent=1322"}],"wp:term":[{"taxonomy":"category","embeddable":true,"href":"https:\/\/eticaeconomiafratelvittorino.it\/index.php?rest_route=%2Fwp%2Fv2%2Fcategories&post=1322"},{"taxonomy":"post_tag","embeddable":true,"href":"https:\/\/eticaeconomiafratelvittorino.it\/index.php?rest_route=%2Fwp%2Fv2%2Ftags&post=1322"}],"curies":[{"name":"wp","href":"https:\/\/api.w.org\/{rel}","templated":true}]}}