{"id":1261,"date":"2020-09-08T11:41:31","date_gmt":"2020-09-08T11:41:31","guid":{"rendered":"http:\/\/eticaeconomiafratelvittorino.it\/?p=1261"},"modified":"2020-09-11T20:24:36","modified_gmt":"2020-09-11T20:24:36","slug":"economia-con-lanima","status":"publish","type":"post","link":"https:\/\/eticaeconomiafratelvittorino.it\/?p=1261","title":{"rendered":"Economia con l&#8217;Anima"},"content":{"rendered":"<p>&nbsp;<\/p>\n<p><a href=\"http:\/\/eticaeconomiafratelvittorino.it\/?attachment_id=1283\" rel=\"attachment wp-att-1283\"><img decoding=\"async\" loading=\"lazy\" class=\"size-medium wp-image-1283 aligncenter\" src=\"http:\/\/eticaeconomiafratelvittorino.it\/wp-content\/uploads\/2020\/09\/IMG_3999photo-e1599855218579-225x300.jpg\" alt=\"\" width=\"225\" height=\"300\" srcset=\"https:\/\/eticaeconomiafratelvittorino.it\/wp-content\/uploads\/2020\/09\/IMG_3999photo-e1599855218579-225x300.jpg 225w, https:\/\/eticaeconomiafratelvittorino.it\/wp-content\/uploads\/2020\/09\/IMG_3999photo-e1599855218579-768x1024.jpg 768w, https:\/\/eticaeconomiafratelvittorino.it\/wp-content\/uploads\/2020\/09\/IMG_3999photo-e1599855218579-624x832.jpg 624w\" sizes=\"(max-width: 225px) 100vw, 225px\" \/><\/a><\/p>\n<p>Dal 26 al 28 marzo 2020 vi sar\u00e0, ad Assisi, IL festival dell\u2019economia dei giovani con il Papa, giovani gi\u00e0 imprenditori e dottorandi o ricercatori. Cinquecento di loro si daranno convegno provenienti da tutto il mondo per fare con il Pontefice un \u201cpatto\u201d per cambiare l\u2019economia.<!--more--><\/p>\n<p>L\u2019economia quindi \u00e8 un fattore importantissimo in quanto da sempre esprime relazione tra gli uomini che per le sue implicazioni anche sociali necessit\u00e0 di valori fondanti.<\/p>\n<p>Su questi assunti l\u2019Associazione Etica ed Economia Fratel Vittorino ha organizzato il 19 ottobre 2019 , presso la sede dell\u2019oasi di San Giacomo a Vago di Lavagno, un incontro intitolato \u201cEconomia con l\u2019anima\u201d.<\/p>\n<p>Come ha riferito nell\u2019introduzione all\u2019incontro il presidente dell\u2019Associazione Ermes Bamba, il papa afferma che le le universit\u00e0 e le aziende diventino cantieri di speranza e che per una economia diversa occorre rivedere gli schemi mentali e morali.<\/p>\n<p>I relatori erano tre: Don Giacomo Cordioli (Responsabile della casa incontri San Giacomo), Marco Spadini (consulente aziendale), Giovanni Ferrari (imprenditore).<\/p>\n<p><strong>Don Giacomo<\/strong> ha commentato la lettera di San Paolo ai Romani (cap. 12, 1-13) nei punti legati al tema del convegno quali: \u201cnon conformatevi a questo mondo\u201d, \u201cnon potete servire Dio e Mammona\u201d, \u201cNon vantatevi pi\u00f9 di quanto conviene\u201d.Fratel Vittorino diceva \u201cL\u2019economia di oggi \u00e8 diventata una spelonca di ladri\u201d.<\/p>\n<p>Non si demonizza l\u2019economia in quanto essa \u00e8 anche provvidenza. Il Signore infatti d\u00e0 dei talenti da far fruttificare per il prossimo. La societ\u00e0 di oggi sta martellando invece su una idea di economia ove c\u2019\u00e8 chi riesce ad arraffare e chi invece sta fuori dal sistema si deve arrangiare. Occorre lasciarci trasformare per un modo di pensare conforme al vangelo.<\/p>\n<p>I cristiani costituiscono il corpo della Chiesa e a capo del corpo vi \u00e8 Ges\u00f9 Cristo.<\/p>\n<p>Tutti sono necessari, se non si vuole avere un corpo imperfetto e impedito o fatto di ossa spezzate e di membra atrofizzate. \u00c8 in questa luce che fioriscono quei doni che l\u2019Apostolo chiama \u201ccarismi\u201d. Sono doni personali che non si tengono egoisticamente per s\u00e9 me che occorre effondere per irrorare il corpo di vitalit\u00e0.<\/p>\n<p>Economia con l\u2019anima quindi \u00e8 stare attenti che il profitto non diventi un idolo.<\/p>\n<p>Non basta fare il bene, diceva Don Calabria ma occorre farlo bene in base ai doni che Dio ci ha dato. La carit\u00e0 non sia ipocrita (S. Paolo). L\u2019economia ha un\u2019anima se \u00e8 attenta alla condivisione.<\/p>\n<p><strong>Marco Spadini<\/strong> ha lavorato per anni in banca prima di diventare consulente finanziario. Non vede le istituzioni come quella bancaria, detentori di un\u2019anima propria in quanto enti aziendali. Avere un\u2019anima \u00e8 caratteristica delle persone e da questa si genera un comportamento basato sull\u2019etica la quale non si compera al supermercato ma consiste nel compiere il corretto proponimento che ci si \u00e8 dati verso gli altri.<\/p>\n<p>Ci sono le banche etiche ma una banca \u00e8 etica come lo pu\u00f2 essere ogni azienda.<\/p>\n<p>Perch\u00e9 si lavora? Per vivere e per dare il senso alla vita adoperando i talenti.<\/p>\n<p>Spadini si \u00e8 appassionato alla Dottrina Sociale della Chiesa in quanto indica i valori ispirati al vangelo da portare nell\u2019economia. La Chiesa non ha parlato male del denaro ma del modo con cui si usa.<\/p>\n<p>Come esperienza sua personale non ha venduto i titoli cosiddetti \u201cderivati\u201d in quanto non li ha compresi come prodotto finanziario al servizio del cliente.<\/p>\n<p>Spadini ha trattato anche su quali dovrebbero essere gli aspetti per dare una impronta valoriale alle persone che lavorano in banca.<\/p>\n<p>Lavorare per un\u2019azienda da 30 persone \u00e8 differente che lavorare in azienda da 10000 persone. In quest\u2019ultimo caso le direttive provengono molto dall\u2019alto e si ha timore a rifiutare gli ordini. Questo causa anche un malessere nel clima aziendale.<\/p>\n<p>Anche nella storia di secoli precedenti, il mondo cattolico,\u00a0\u00a0 a partire dalla scuola francescana che istitu\u00ec i monti di Piet\u00e0, fino a Luzzatti che contribu\u00ec a creare le Banche Popolari, ci furono istituzioni bancarie pi\u00f9 orientate a sostenere le persone che attuare una finanza speculativa.<\/p>\n<p>Spadini ricorda l\u2019iniziativa fatta negli Stati Uniti dove nel 1933 (dopo la crisi del 1929) fu approvata la legge (Glass Steagalla Act, dal nome di due senatori) sulla separazione bancaria tra le banche commerciali da quelle di investimento quest\u2019ultime con prodotti pi\u00f9 a rischio. Tale legge fu abolita nel 1999.<\/p>\n<p>Ora ci troviamo con titoli derivati (ad alto rischio) sul mercato che a fine 2018 valevano 33 volte il PIL mondiale.<\/p>\n<p>Hanno voluto disumanizzare la finanzia per il guadagno fine a se stesso per certe classi. E\u2019 un mondo fatto di carta . Questa non \u00e8 pi\u00f9 etica ma guadagno fine a se stesso. L\u2019economia ha mangiato l\u2019uomo. Il mercato in s\u00e9 non ha l\u2019anima ma sono le persone che vi partecipano a configurarlo con principi e valori.<\/p>\n<p>Riguardo ai giovani che entrano in banca, essi hanno delle buone radici dal passato su cui basarsi e dal momento che hanno ricevuto una buona istruzione sono capaci di confrontarsi con il mondo per scegliere cosa \u00e8 bene o meno.<\/p>\n<p>Alla fine occorre capire che anche in azienda siamo una famiglia per la quale si lavora con i propri talenti.<\/p>\n<p><strong>Giovanni Ferrari <\/strong><\/p>\n<p>E\u2019 un imprenditore che ha da poco passato la gestione aziendale ad un giovane della sua famiglia. E\u2019 stato anche un atto sia di fiducia che di volont\u00e0 di dare vitalit\u00e0 e freschezza all\u2019ambiente aziendale.<\/p>\n<p>Il suo \u00e8 stato un percorso che l\u2019ha portato a dare la vita per il lavoro senza dimenticare la preghiera. Dopo tanta fatica professionale ha incontrato Ges\u00f9 . Questo ha fatto s\u00ec che si mettesse al servizio degli altri, quindi nell\u2019ambito aziendale stare attento ai dipendenti e le loro difficolt\u00e0 di vita.<\/p>\n<p>Dare la vita per l\u2019azienda vuol dire mettere al primo posto Ges\u00f9. E\u2019 stato un cambiamento di prospettiva e le cose sono divenute pi\u00f9 facili. Se dai, il Signore ti rid\u00e0 il centuplo. La provvidenza esiste veramente e ti fa scoprire che la tua vita \u00e8 guidata dallo spirito che ti fa seguire la strada giusta. Se ci si arrabbia si cerca di discutere e fare pace. Anche i dipendenti devono stare bene al lavoro e lavorare in una prospettiva di felicit\u00e0.<\/p>\n<p>Avere dei giovani in azienda d\u00e0 molta forza. Oggi per\u00f2 \u00e8 un mondo molto difficile in quanto in esso si manifestano valori che non sono conformi al vangelo. Ognuno deve vegliare sulla propria vita. Ispirarsi all\u2019affermazione di \u201cAmatevi gli uni e gli altri come io vi ho amato\u201d . Noi dobbiamo dare, nel nostro piccolo un contributo, anche se trattasi di una goccia. Non occorre fermarsi a giudicare il mondo ma proseguire invece a testa bassa con l\u2019azione ispirata al vangelo.<\/p>\n<p>Se i giovani studiano ma lo fanno per se stessi, \u00e8 un approccio alla vita che non ha futuro e valore come pu\u00f2 essere invece se mettono a disposizione degli altri la loro freschezza portando avanti prospettive sinergiche che daranno frutti meravigliosi.<\/p>\n<p>Nell\u2019opera di formazione del personale Ferrari ha constatato che i valori buoni trasmessi in azienda sono facilmente recepiti dai collaboratori.<\/p>\n<p>Le relazioni nella sua azienda sono state improntate al dialogo. L\u2019ascolto inoltre dei singoli lavoratori ha permesso di identificare l\u2019origine di difficolt\u00e0 relazionali nel lavoro dovute a problemi esterni all\u2019azienda come ad esempio in ambito famigliare.<\/p>\n<p>Come attivit\u00e0 complementare a quella strettamente imprenditoriale, ha costituito, assieme ad altri imprenditori l\u2019Associazione :<strong>&#8220;<\/strong><strong>In principio era la luce&#8221;.<\/strong>\u00a0E\u2019 un\u2019associazione culturale, nata grazie all\u2019incontro di persone di buona volont\u00e0, che vogliono trasmettere attraverso il proprio lavoro i valori fondanti della vita, ed aiutare le organizzazioni umanitarie che operano per il bene della societ\u00e0.<br \/>\nMeeting, incontri, conferenze, ed eventi, sono momento di network tra imprenditori professionisti e organizzazioni per creare una nuova cultura e un nuovo modello di sviluppo.<\/p>\n<p>Come Associazione Etica ed Economia continuiamo, anche con questo tipo di incontri , nel compito di essere presenti nella realt\u00e0 e vicende attuali del mondo economico e del lavoro cercando di essere interpreti del carisma di Fratel Vittorino il quale affermava che chi vuol essere efficace agendo con spirito evangelico nell\u2019economia, occorre che abbandoni idee superate e sia aggiornato per non essere travolto dalle situazioni.<\/p>\n<p style=\"text-align: right;\">Flavio Danese<\/p>\n","protected":false},"excerpt":{"rendered":"<p>&nbsp; Dal 26 al 28 marzo 2020 vi sar\u00e0, ad Assisi, IL festival dell\u2019economia dei giovani con il Papa, giovani gi\u00e0 imprenditori e dottorandi o ricercatori. Cinquecento di loro si daranno convegno provenienti da tutto il mondo per fare con il Pontefice un \u201cpatto\u201d per cambiare l\u2019economia.<\/p>\n","protected":false},"author":1,"featured_media":0,"comment_status":"closed","ping_status":"closed","sticky":false,"template":"","format":"standard","meta":{"footnotes":""},"categories":[1],"tags":[],"_links":{"self":[{"href":"https:\/\/eticaeconomiafratelvittorino.it\/index.php?rest_route=\/wp\/v2\/posts\/1261"}],"collection":[{"href":"https:\/\/eticaeconomiafratelvittorino.it\/index.php?rest_route=\/wp\/v2\/posts"}],"about":[{"href":"https:\/\/eticaeconomiafratelvittorino.it\/index.php?rest_route=\/wp\/v2\/types\/post"}],"author":[{"embeddable":true,"href":"https:\/\/eticaeconomiafratelvittorino.it\/index.php?rest_route=\/wp\/v2\/users\/1"}],"replies":[{"embeddable":true,"href":"https:\/\/eticaeconomiafratelvittorino.it\/index.php?rest_route=%2Fwp%2Fv2%2Fcomments&post=1261"}],"version-history":[{"count":5,"href":"https:\/\/eticaeconomiafratelvittorino.it\/index.php?rest_route=\/wp\/v2\/posts\/1261\/revisions"}],"predecessor-version":[{"id":1286,"href":"https:\/\/eticaeconomiafratelvittorino.it\/index.php?rest_route=\/wp\/v2\/posts\/1261\/revisions\/1286"}],"wp:attachment":[{"href":"https:\/\/eticaeconomiafratelvittorino.it\/index.php?rest_route=%2Fwp%2Fv2%2Fmedia&parent=1261"}],"wp:term":[{"taxonomy":"category","embeddable":true,"href":"https:\/\/eticaeconomiafratelvittorino.it\/index.php?rest_route=%2Fwp%2Fv2%2Fcategories&post=1261"},{"taxonomy":"post_tag","embeddable":true,"href":"https:\/\/eticaeconomiafratelvittorino.it\/index.php?rest_route=%2Fwp%2Fv2%2Ftags&post=1261"}],"curies":[{"name":"wp","href":"https:\/\/api.w.org\/{rel}","templated":true}]}}