{"id":1211,"date":"2019-07-20T16:25:32","date_gmt":"2019-07-20T16:25:32","guid":{"rendered":"http:\/\/eticaeconomiafratelvittorino.it\/?p=1211"},"modified":"2019-07-20T16:25:32","modified_gmt":"2019-07-20T16:25:32","slug":"africa-e-italia-verso-un-nuovo-rinascimento","status":"publish","type":"post","link":"https:\/\/eticaeconomiafratelvittorino.it\/?p=1211","title":{"rendered":"Africa e Italia: verso un nuovo Rinascimento"},"content":{"rendered":"<p>&nbsp;<\/p>\n<p><a href=\"http:\/\/eticaeconomiafratelvittorino.it\/?attachment_id=1222\" rel=\"attachment wp-att-1222\"><img decoding=\"async\" loading=\"lazy\" class=\"size-medium wp-image-1222 aligncenter\" src=\"http:\/\/eticaeconomiafratelvittorino.it\/wp-content\/uploads\/2019\/07\/festivalDSC2018-300x225.jpg\" alt=\"\" width=\"300\" height=\"225\" srcset=\"https:\/\/eticaeconomiafratelvittorino.it\/wp-content\/uploads\/2019\/07\/festivalDSC2018-300x225.jpg 300w, https:\/\/eticaeconomiafratelvittorino.it\/wp-content\/uploads\/2019\/07\/festivalDSC2018-768x576.jpg 768w, https:\/\/eticaeconomiafratelvittorino.it\/wp-content\/uploads\/2019\/07\/festivalDSC2018-1024x768.jpg 1024w, https:\/\/eticaeconomiafratelvittorino.it\/wp-content\/uploads\/2019\/07\/festivalDSC2018-624x468.jpg 624w\" sizes=\"(max-width: 300px) 100vw, 300px\" \/><\/a><\/p>\n<p><span style=\"font-size: large;\">Il giorno 24 novembre l\u2019Associazione Etica ed Economia Fratel Vittorino, nell\u2019ambito del Festival della Dottrina Sociale, ha organizzato un convegno dal titolo \u201cProgetto &#8211; Kinga, Africa e Italia verso un nuovo Rinascimento\u201d.<\/span><!--more--><span style=\"font-size: large;\">Come espresso dal moderatore <\/span><span style=\"font-size: large;\"><b>Ermes Bampa<\/b><\/span><span style=\"font-size: large;\">, presidente dell\u2019associazione organizzatrice, con questo incontro si \u00e8 voluto dare visibilit\u00e0 a progetti concreti che traducono quanto estratto dalla Dottrina Sociale nelle varie encicliche, in particolare la Populorum Progressio che sprona a combattere la fame e le malattie nei paesi del terzo mondo. Per tale motivo il riferimento ad un nuovo rinascimento sta a significare che parte della societ\u00e0 civile sta gi\u00e0 agendo verso l\u2019obiettivo di uno \u201csviluppo solidale dell\u2019umanit\u00e0\u201d. L\u2019attenzione per l\u2019Africa \u00e8 dovuta al fatto che questo continente si incrementer\u00e0 di un miliardo di abitanti nel 2030, da aggiungere all&#8217; attuale 1 miliardo e duecento milioni.<br \/>\nIl progetto Kinga fa riferimento ad una fabbrica di motocarri a 3 ruote inaugurata nell\u2019estate del 2018 a Mahagjanga, citt\u00e0 del Madagascar.<br \/>\nTale progetto ha come scopo quello di contribuire a creare sviluppo economico in un paese in via di sviluppo ed \u00e8 nato in seno al Movimento mondiale delle Scuole di etica ed Economia.<br \/>\nGli imprenditori che si sono succeduti al convegno hanno illustrato i progetti avviati in Africa, da interpretare come modelli che si possono replicare e quindi, significativamente incisivi sullo sviluppo di un paese.<br \/>\nIl primo intervento del segretario dell\u2019Associazione Etica ed Economia Fratel Vittorino, <\/span><span style=\"font-size: large;\"><b>Flavio Danese<\/b><\/span><span style=\"font-size: large;\">, ha presentato il progetto Kinga partendo dalle caratteristiche valoriali che il Movimento delle scuole di etica ed economia ha sempre portato avanti:<br \/>\n<\/span><\/p>\n<p><span style=\"font-size: large;\">&#8211; <\/span><span style=\"font-size: large;\">la centralit\u00e0 della Persona<br \/>\n&#8211; <\/span><span style=\"font-size: large;\">la condivisione, per superare ci\u00f2 che divide<br \/>\n&#8211; <\/span><span style=\"font-size: large;\">l\u2019accettazione e la valorizzazione delle Diversit\u00e0<br \/>\n&#8211; <\/span><span style=\"font-size: large;\">il rispetto del Creato, con la promozione di percorsi culturali orientati&nbsp;&nbsp; allo sviluppo sostenibile<br \/>\n&#8211; <\/span><span style=\"font-size: large;\">la solidariet\u00e0, come immanente ad ogni processo economico, affinch\u00e9 l\u2019attivit\u00e0 d\u2019impresa sia coerente con gli scopi ultimi che sono quelli di produrre e scambiare beni e servizi per soddisfare i bisogni.<\/span><\/p>\n<p><span style=\"font-size: large;\">Kinga viene <strong>definito<\/strong> un progetto socio-culturale in quanto <\/span><span style=\"font-size: large;\">la sua peculiarit\u00e0 sta nel ricercarne l\u2019attuazione partendo dalla gente comune, senza grandi investimenti e senza aspettative di finanziamenti internazionali ma basato sullo scambio di capacit\u00e0 imprenditoriali, con la collaborazione delle Universit\u00e0 e delle Scuole di Etica ed Economia per l\u2019ambito formativo.<br \/>\n<strong>Renato Favero<\/strong>, imprenditore, ha illustrato il progetto&#8221;KINGA ITALIA&#8221;: dopo l&#8217;esperienza realizzata in Madagascar, anche nel nostro paese si pu\u00f2 attuare una iniziativa economica simile, capace di creare lavoro. Si tratta quindi di avviare un impresa di produzione \/ assemblaggio e vendita di veicoli elettrici per un trasporto leggero, adatto alle consegne nei centri urbani e non solo. Infatti il mezzo di trasporto \u00e8 inserito in un processo distributivo che, per fornire dati aggiornati in tempo reale, necessita di mettere in rete l&#8217;operatore logistico con clienti e fornitori tramite tecnologie informatiche, indispensabile allo sviluppo del commercio elettronico. Altre imprese potrebbero avviare, in correlazione a Kinga, una serie di servizi come officine di riparazione e manutenzione veicoli, attivit\u00e0 di leasing e noleggio. Oltre all&#8217;aspetto distributivo, questo mezzo di trasporto pu\u00f2 essere utilizzato nella raccolta di rifiuti o in ambito agricolo.<br \/>\nIl centro del progetto, quindi, \u00e8 la creazione di lavoro con possibilit\u00e0 allargate dell&#8217;esercizio dell&#8217;imprenditorialit\u00e0. &nbsp;<br \/>\n<b>Gloria Meneghetti<\/b><\/span><span style=\"font-size: large;\">, imprenditrice e Consigliere della Fondazione Etica ed Economia di Bassano del Grappa (VI), ha descritto l\u2019adesione al progetto e le varie fasi in cui si \u00e8 sviluppato, soprattutto con il contributo del padre,&nbsp; l\u2019 imprenditore Giancarlo Meneghetti, la cui partecipazione a Kinga \u00e8 stata determinante nella fase di avvio. Egli, infatti, vi ha riversato le necessarie competenze maturate in anni di conduzione della sua officina meccanica per camion.<br \/>\nLa preparazione tecnica per l\u2019assemblaggio e la riparazione \u00e8 stata realizzata dallo stesso Giancarlo Meneghetti, facendo pervenire dalla Cina i kit dei pezzi da assemblare dei prototipi di motocarro da 120 e 150 cc.<br \/>\nIl progetto ha significato molto per la famiglia Meneghetti per il grado di coinvolgimento, sia personale che economico, applicato con costanza e dedizione. &nbsp; &nbsp;<\/span><\/p>\n<div id=\"attachment_1216\" style=\"width: 310px\" class=\"wp-caption aligncenter\"><a href=\"http:\/\/eticaeconomiafratelvittorino.it\/?attachment_id=1216\" rel=\"attachment wp-att-1216\"><img aria-describedby=\"caption-attachment-1216\" decoding=\"async\" loading=\"lazy\" class=\"wp-image-1216 size-medium\" src=\"http:\/\/eticaeconomiafratelvittorino.it\/wp-content\/uploads\/2019\/07\/motocarro-Kinga-300x258.png\" alt=\"\" width=\"300\" height=\"258\" srcset=\"https:\/\/eticaeconomiafratelvittorino.it\/wp-content\/uploads\/2019\/07\/motocarro-Kinga-300x258.png 300w, https:\/\/eticaeconomiafratelvittorino.it\/wp-content\/uploads\/2019\/07\/motocarro-Kinga.png 345w\" sizes=\"(max-width: 300px) 100vw, 300px\" \/><\/a><p id=\"caption-attachment-1216\" class=\"wp-caption-text\">Un modello di motocarro elettrico &#8220;Kinga&#8221;<\/p><\/div>\n<p><span style=\"font-size: large;\"><b>Silvano Chieregati<\/b><\/span><span style=\"font-size: large;\"> \u00e8 responsabile commerciale dell\u2019 Organizzazione Produttori Francescon, un\u2019azienda italiana leader nella produzione di meloni. Egli ha presentato un progetto realizzato in Senegal.<br \/>\nNel 2012 l\u2019azienda mantovana, leader in Italia nella produzione di meloni con i suoi 35 milioni di frutti raccolti ogni anno, ha deciso di iniziare a produrre anche in Senegal, con 160 ettari coltivati (40 dei quali a zucche) a meno di un centinaio di chilometri da Dakar, nel villaggio di Tassette, che presenta condizioni ideali per la coltivazione del melone. Francescon capisce presto che tutto ci\u00f2 non basta e che ci vuole qualcosa in pi\u00f9. E allora ecco l\u2019intuizione: nel 2014, d\u2019intesa con Coop Italia, uno dei maggiori clienti, arriva la decisione di autotassarsi e raccogliere cos\u00ec risorse. In che modo? La Francescon da un lato e la Coop dall\u2019altro mettono da parte cinque centesimi per ogni chilo di prodotto raccolto nelle terre senegalesi. Il risultato? Dai 40 ai 50 mila euro a disposizione ogni anno, destinati esclusivamente alla beneficenza grazie anche all\u2019aiuto della onlus \u201cGiovanni Paolo II\u201d di Firenze. Appena partiti si \u00e8 cercato di dare risposte il pi\u00f9 possibile concrete ai bisogni della popolazione locale. \u00c8 stato quindi progettato e costruito a tempo di record (inaugurazione nel corso del 2014) un centro medico, dotato di pronto soccorso e sale attrezzate e, pochi mesi dopo, sono state acquistate ulteriori attrezzature, tra cui una jeep Land Rover in formato ambulanza. Si \u00e8 poi pensato ai pi\u00f9 giovani, ed ecco allora che sono state erette alcune aule per lo studio dei ragazzi, mentre nel corso del 2017 \u00e8 stata realizzata una scuola nuova, per i figli dei dipendenti. Qualche settimana fa \u00e8 partito alla volta del Senegal un container, contenente banchi, seggiole e tutto il necessario per completare l\u2019arredamento della scuola.<br \/>\n<b>Giancarlo Tomelleri<\/b><\/span><span style=\"font-size: large;\"> \u00e8 Direttore di Nursery.How Group, un gruppo <\/span><span style=\"font-size: large;\"> di aziende e professionisti con le capacit\u00e0 di studiare la fattibilit\u00e0 degli investimenti da realizzare per le filiere, partendo dai prodotti orticoli freschi, fino alla loro trasformazione, progettandoli, realizzandoli e supportandoli con il necessario know-how.<br \/>\nQueste aziende italiane in rete sono in grado di fornire tutte le attrezzature e macchinari per la realizzazione di impianti di trasformazione, linee di confezionamento, assistenza agronomica, know-how nella lavorazione del pomodoro, irrigazione, ecc. Sono gi\u00e0 stati realizzati dei progetti in Africa&nbsp; ed<\/span><span style=\"font-size: large;\"> un fattore chiave \u00e8 stata la profonda conoscenza delle aree africane &#8211; e delle relazioni locali stabilite da lungo tempo &#8211; che facilita le condizioni necessarie all&#8217;attuazione dei <\/span><span style=\"font-size: large;\"><u>progetti chiavi in mano.<br \/>\n<\/u>Nei paesi africani assistiamo ad un forte divario fra quelli del Nord (Egitto, Tunisia, Marocco, Algeria), grandi produttori e in taluni casi, anche esportatori dai consumi pro-capite elevati e il resto del continente dove il livello medio di tale consumo e di <\/span><span style=\"font-size: large;\"><b> 9,23 Kg annui<\/b><\/span><span style=\"font-size: large;\"> meno della met\u00e0 della media mondiale.<br \/>\n<b>La necessit\u00e0 di un forte incremento di produzione locale \u00e8 la formula giusta per equilibrare L\u2019Africa ai livelli del resto del mondo.<br \/>\n<\/b>In un continente che ha una crescita demografica notevole, il ruolo dell\u2019alimentazione sar\u00e0 determinante. Creare quindi economie di filiera nel campo della coltivazione, e qui un particolare del pomodoro, \u00e8 di estremo interesse da parte di molti paesi africani che trovano in Italia le competenze per facilitare loro lo sviluppo di questi progetti<\/span><span style=\"font-size: large;\"> .<br \/>\nNella parte finale dell\u2019incontro si \u00e8 dato spazio ad un dibattito che ha coinvolto anche operatori economici africani i quali hanno manifestato l\u2019intenzione di incrementare i rapporti con gli imprenditori italiani . Hanno apprezzato molto i progetti illustrati anche per il fatto che hanno alla base elementi di sincera collaborazione, solidariet\u00e0 ed amicizia. Come associazione Etica ed Economia di Verona pensiamo di continuare su questo percorso di divulgazione di buoni esempi nel campo economico, coerentemente a quello che Fratel Vittorino definiva \u201csole integrante\u201d, cio\u00e8 la diffusione delle buone pratiche imprenditoriali che non devono rimanere nell\u2019ambito di una singola azienda ma da questa essere trasferite all\u2019esterno, per valorizzare il contesto socio-economico complessivo al fine di realizzare un benessere inclusivo.<\/span><\/p>\n<p><span style=\"font-size: large;\"><u>&nbsp;<\/u><\/span><\/p>\n<p>&nbsp;<\/p>\n","protected":false},"excerpt":{"rendered":"<p>&nbsp; Il giorno 24 novembre l\u2019Associazione Etica ed Economia Fratel Vittorino, nell\u2019ambito del Festival della Dottrina Sociale, ha organizzato un convegno dal titolo \u201cProgetto &#8211; Kinga, Africa e Italia verso un nuovo Rinascimento\u201d.<\/p>\n","protected":false},"author":1,"featured_media":0,"comment_status":"closed","ping_status":"closed","sticky":false,"template":"","format":"standard","meta":{"footnotes":""},"categories":[13],"tags":[],"_links":{"self":[{"href":"https:\/\/eticaeconomiafratelvittorino.it\/index.php?rest_route=\/wp\/v2\/posts\/1211"}],"collection":[{"href":"https:\/\/eticaeconomiafratelvittorino.it\/index.php?rest_route=\/wp\/v2\/posts"}],"about":[{"href":"https:\/\/eticaeconomiafratelvittorino.it\/index.php?rest_route=\/wp\/v2\/types\/post"}],"author":[{"embeddable":true,"href":"https:\/\/eticaeconomiafratelvittorino.it\/index.php?rest_route=\/wp\/v2\/users\/1"}],"replies":[{"embeddable":true,"href":"https:\/\/eticaeconomiafratelvittorino.it\/index.php?rest_route=%2Fwp%2Fv2%2Fcomments&post=1211"}],"version-history":[{"count":10,"href":"https:\/\/eticaeconomiafratelvittorino.it\/index.php?rest_route=\/wp\/v2\/posts\/1211\/revisions"}],"predecessor-version":[{"id":1223,"href":"https:\/\/eticaeconomiafratelvittorino.it\/index.php?rest_route=\/wp\/v2\/posts\/1211\/revisions\/1223"}],"wp:attachment":[{"href":"https:\/\/eticaeconomiafratelvittorino.it\/index.php?rest_route=%2Fwp%2Fv2%2Fmedia&parent=1211"}],"wp:term":[{"taxonomy":"category","embeddable":true,"href":"https:\/\/eticaeconomiafratelvittorino.it\/index.php?rest_route=%2Fwp%2Fv2%2Fcategories&post=1211"},{"taxonomy":"post_tag","embeddable":true,"href":"https:\/\/eticaeconomiafratelvittorino.it\/index.php?rest_route=%2Fwp%2Fv2%2Ftags&post=1211"}],"curies":[{"name":"wp","href":"https:\/\/api.w.org\/{rel}","templated":true}]}}