{"id":1186,"date":"2018-09-06T17:51:52","date_gmt":"2018-09-06T17:51:52","guid":{"rendered":"http:\/\/eticaeconomiafratelvittorino.it\/?p=1186"},"modified":"2019-07-19T13:58:27","modified_gmt":"2019-07-19T13:58:27","slug":"carisma-e-impresa-lesperienza-di-fratel-vittorino-al-festival-della-dottrina-sociale-della-chiesa","status":"publish","type":"post","link":"https:\/\/eticaeconomiafratelvittorino.it\/?p=1186","title":{"rendered":"Carisma e impresa: l\u2019esperienza di Fratel Vittorino al Festival della Dottrina Sociale della Chiesa"},"content":{"rendered":"<p align=\"justify\">&nbsp;<\/p>\n<p align=\"justify\"><a href=\"http:\/\/eticaeconomiafratelvittorino.it\/?attachment_id=1195\" rel=\"attachment wp-att-1195\"><img decoding=\"async\" loading=\"lazy\" class=\"size-medium wp-image-1195 aligncenter\" src=\"http:\/\/eticaeconomiafratelvittorino.it\/wp-content\/uploads\/2018\/09\/festival-DSC2017-300x259.jpg\" alt=\"\" height=\"259\" width=\"300\" srcset=\"https:\/\/eticaeconomiafratelvittorino.it\/wp-content\/uploads\/2018\/09\/festival-DSC2017-300x259.jpg 300w, https:\/\/eticaeconomiafratelvittorino.it\/wp-content\/uploads\/2018\/09\/festival-DSC2017-624x538.jpg 624w, https:\/\/eticaeconomiafratelvittorino.it\/wp-content\/uploads\/2018\/09\/festival-DSC2017.jpg 735w\" sizes=\"(max-width: 300px) 100vw, 300px\" \/><\/a><\/p>\n<p align=\"justify\">&nbsp;<\/p>\n<p align=\"justify\">Quando si parla di temi come la <strong>Dottrina Sociale<\/strong>, ossia la declinazione nella vita economica, sociale e politica degli insegnamenti evangelici e della visione cristiana dell&#8217;uomo e del suo destino, si pensa sempre di dover parlare di massimi sistemi, di valori che rischiano di risuonare pi\u00f9 come slogan che come esperienze concrete.<!--more--><br \/>\nInsomma si rischia di faticare nel riscontrare esempi concreti, attuali, presenti nell&#8217;oggi che testimonino come si possa stare nella societ\u00e0, in particolare fare impresa, da cristiani.<br \/>\nNell&#8217;ultimo Festival dedicato proprio a questo tema, che si \u00e8 concluso da pochi giorni nella citt\u00e0 di Verona, vi sono state alcune occasioni per ascoltare storie di imprenditori che, per un motivo o per l&#8217;altro, sono stati ispirati nella loro azione da un incontro spirituale, da motivazioni che partivano dall&#8217;anima, pi\u00f9 che solo dal portafoglio.<br \/>\nTra queste troviamo un <strong>incontro organizzato dall&#8217;Associazione &#8220;Etica ed Economia &#8211; Fratel Vittorino&#8221; dal titolo: &#8220;ETICA ed ECONOMIA nuova disciplina per lo sviluppo delle imprese&#8221;, nel quale si \u00e8 riflettuto, partendo da un&#8217;esperienza di vero apostolato carismatico come quella, appunto, di Fratel Vittorino, sul rapporto esistente tra fede ed economia, tra carisma e impresa<\/strong>.<br \/>\nin occasione del <strong>centenario della nascita di Fratel Vittorino<\/strong>, l&#8217;Associazione sta portando avanti un&#8217;iniziativa particolare. Analizzando il rapporto molto forte che esisteva tra questo laico consacrato, legato indissolubilmente alla figura di San Giovanni Calabria, e diversi imprenditori del nostro territorio, si \u00e8 cercato di capire come un impresa nella sua nascita ed evoluzione pu\u00f2 essere condizionata da un elemento come la fede dell&#8217;imprenditore stesso, che incide in maniera rilevante sulle motivazioni, sulle priorit\u00e0 e, quindi, sulle decisioni quotidiane e concrete che egli si trova a prendere nella gestione della propria azienda.&nbsp;\u00c8 stato interessante scoprire, anche ascoltando la testimonianza di diversi imprenditori di seconda generazione che non hanno conosciuto in maniera diretta Fratel Vittorino, ma ne hanno respirato in casa la forte presenza spirituale, come un <strong>carisma pu\u00f2 essere trasmesso<\/strong> e quali punti critici ci sono in questo processo, date le peculiarit\u00e0 fortemente personali e intime che esso presenta rispetto ad una struttura collettiva e complessa come l&#8217;impresa. <strong>&#8220;Ci hanno insegnato cos\u00ec&#8221;<\/strong>. \u00c8 stata questa la frase pi\u00f9 sentita durante questo incontro. Sono <strong>l&#8217;educazione, l&#8217;esempio, la formazione ad individuare le giuste priorit\u00e0 e a tarare le proprie decisioni di conseguenza, gli strumenti pi\u00f9 efficaci per far s\u00ec che un carisma non muoia assieme alla persona da cui era esercitato, ma possa restare e continuare a diffondersi in processi di contaminazione dettati dalla bellezza di fare impresa in maniera sana e cristianamente ispirata.<br \/>\n<\/strong>Tale trasmissione, ovviamente, comporta delle evoluzioni rispetto alle strutture, alle scelte e ai processi, dovute ai tempi che cambiano. Tuttavia gli <strong>elementi alla base di un carisma<\/strong> (che in questo caso possiamo riassumere in 3 concetti: <strong>fiducia nella Provvidenza, gratuit\u00e0 e collaborazione<\/strong>) possono restare immutati e continuare a influenzare la realt\u00e0 in cui sono declinati.<br \/>\nProprio per l&#8217;importanza della formazione, l&#8217;Associazione stessa ha sostenuto il <strong>Corso di Etica d&#8217;Impresa<\/strong>, tenutosi nel primo semestre di quest&#8217;anno scorso grazie alla collaborazione tra l&#8217;Universit\u00e0 di Verona ed altri enti ed associazioni. Tale vicinanza \u00e8 stata testimoniata anche dalla presenza all\u2019incontro di due giovani corsisti che hanno portato la testimonianza di come il corso, che ha cercato di approfondire i temi dell\u2019impresa da pi\u00f9 prospettive (aziendalistica, socio-politica, teologica e pedagogica), li abbia aiutati nel loro lavoro quotidiano in imprese ed enti non profit.<br \/>\nI due giovani corsisti sono IRENE BAGGIO ed ALESSANDRO BRAGATO.<br \/>\nIRENE lavora in un&#8217;azienda di progettazione e produzione di sistemi di illuminazione e segue la comunicazione e marketing. Durante il corso di etica d&#8217;impresa \u00e8 stata chiamata a seguire, all&#8217;interno della propria azienda, un progetto di responsabilit\u00e0 sociale d&#8217;impresa ed ha trovato uno spazio per realizzare la sua &#8220;mission&#8221;. Il corso le ha permesso di aprire gli orizzonti e le ha dato la capacit\u00e0 di portare avanti il nuovo progetto.<br \/>\nALESSANDRO lavora in una casa dell&#8217;Opera Don Calabria, specializzata nella formazione e nell&#8217;inserimento dei giovani minori. Grazie al corso di etica d&#8217;impresa pu\u00f2 seguire i progetti europei e verificare l&#8217;applicazione concreta dei principi etici. Il corso gli ha dato la possibilit\u00e0 di partecipare ad alcuni incontri all&#8217;estero con un bagaglio di conoscenze interdisciplinari.<br \/>\nIl convegno si \u00e8 concluso con l&#8217;esperienza di due imprenditori: RENZO GASPARIN e ROBERTO LOCALLO, i quali hanno parlato della loro azienda.<br \/>\nRENZO \u00e8 imprenditore di 2\u00b0 generazione, che ha sviluppato l&#8217;azienda fondata dal padre. L&#8217;azienda \u00e8 specializzata nella produzione di macchine del settore alimentare. L&#8217;influenza di fratel Vittorino \u00e8 stata importante per la crescita dell&#8217;azienda con principi sani ed equilibrati, mettendo al centro l&#8217;uomo. Il &#8220;fratello&#8221; ha inoltre spinto sulla prudenza e l&#8217;abbandono alla Provvidenza.&nbsp;<br \/>\nROBERTO \u00e8 pure imprenditore di 2\u00b0 generazione. L&#8217;azienda \u00e8 una lavanderia industriale che ha ricevuto una notevole influenza da fratel Vittorino sia per la strategia industriale che per l&#8217;innovazione. Provvidenziale \u00e8 stata la presenza di un esperto di organizzazione aziendale, quale \u00e8 stato Gianangelo Benvenuti, professionista vicino a Fratel Vittorino che ha dato un&#8217;impronta nuova, permettendo a tutti e 5 i fratelli di avere responsabilit\u00e0 e mansioni specifiche.<br \/>\nL&#8217;impronta etica data da fratel Vittorino ha permesso all&#8217;azienda di crescere anche nei momenti di crisi, seguendo principi rigidi: nessuna scorciatoia e no tangenti. L&#8217;azienda ha migliorato l&#8217;ambiente di lavoro, con impianti innovativi per il benessere di tutti i propri collaboratori.<br \/>\nA conclusione possiamo senz&#8217;altro affermare che <strong>il raccontare e diffondere belle storie di impresa, tratte dalla realt\u00e0 che ci circonda, possano essere azioni utili a contaminare e ispirare nuove idee e progetti per rendere la nostra societ\u00e0 un posto migliore in cui vivere e far crescere i nostri figli.<\/strong><\/p>\n<p align=\"justify\"><span style=\"font-size: large;\">&nbsp;&nbsp;&nbsp;&nbsp;&nbsp;&nbsp;&nbsp;&nbsp;&nbsp;&nbsp;&nbsp;&nbsp;&nbsp;&nbsp;&nbsp;&nbsp;&nbsp;&nbsp;&nbsp;&nbsp;&nbsp;&nbsp;&nbsp;&nbsp;&nbsp;&nbsp;&nbsp;&nbsp;&nbsp;&nbsp;&nbsp;&nbsp;&nbsp;&nbsp;&nbsp;&nbsp;&nbsp;&nbsp;&nbsp;&nbsp;&nbsp;&nbsp;&nbsp;&nbsp;&nbsp;&nbsp;&nbsp;&nbsp;&nbsp;&nbsp;&nbsp;&nbsp;&nbsp;&nbsp;&nbsp;&nbsp;&nbsp;&nbsp;&nbsp;&nbsp;&nbsp;&nbsp;&nbsp;&nbsp;&nbsp; <\/span><\/p>\n<p align=\"justify\"><span style=\"font-size: large;\">&nbsp;&nbsp;&nbsp;&nbsp;&nbsp;&nbsp;&nbsp;&nbsp;&nbsp;&nbsp;&nbsp;&nbsp;&nbsp;&nbsp;&nbsp;&nbsp;&nbsp;&nbsp;&nbsp;&nbsp;&nbsp;&nbsp;&nbsp;&nbsp;&nbsp;&nbsp;&nbsp;&nbsp;&nbsp;&nbsp;&nbsp;&nbsp;&nbsp;&nbsp;&nbsp;&nbsp;&nbsp;&nbsp;&nbsp;&nbsp;&nbsp;&nbsp;&nbsp;&nbsp;&nbsp;&nbsp;&nbsp;&nbsp;&nbsp;&nbsp;&nbsp;&nbsp;&nbsp;&nbsp;&nbsp;&nbsp;&nbsp;&nbsp;&nbsp;&nbsp;&nbsp;&nbsp;&nbsp;&nbsp;&nbsp;&nbsp;&nbsp;&nbsp;&nbsp;&nbsp;&nbsp;&nbsp;&nbsp;&nbsp;&nbsp;&nbsp;&nbsp;&nbsp;&nbsp;&nbsp;&nbsp;&nbsp;&nbsp;&nbsp;&nbsp;&nbsp;&nbsp;&nbsp;&nbsp;&nbsp;&nbsp;&nbsp;&nbsp;&nbsp;&nbsp;&nbsp; Riccardo Tessari<br \/>\n<\/span><\/p>\n<p align=\"justify\"><span style=\"font-size: large;\">&nbsp;<\/span><\/p>\n<p><span style=\"font-size: large;\"><i>&nbsp;<\/i><\/span><\/p>\n","protected":false},"excerpt":{"rendered":"<p>&nbsp; &nbsp; Quando si parla di temi come la Dottrina Sociale, ossia la declinazione nella vita economica, sociale e politica degli insegnamenti evangelici e della visione cristiana dell&#8217;uomo e del suo destino, si pensa sempre di dover parlare di massimi sistemi, di valori che rischiano di risuonare pi\u00f9 come slogan che come esperienze concrete.<\/p>\n","protected":false},"author":1,"featured_media":0,"comment_status":"closed","ping_status":"closed","sticky":false,"template":"","format":"standard","meta":{"footnotes":""},"categories":[13],"tags":[],"_links":{"self":[{"href":"https:\/\/eticaeconomiafratelvittorino.it\/index.php?rest_route=\/wp\/v2\/posts\/1186"}],"collection":[{"href":"https:\/\/eticaeconomiafratelvittorino.it\/index.php?rest_route=\/wp\/v2\/posts"}],"about":[{"href":"https:\/\/eticaeconomiafratelvittorino.it\/index.php?rest_route=\/wp\/v2\/types\/post"}],"author":[{"embeddable":true,"href":"https:\/\/eticaeconomiafratelvittorino.it\/index.php?rest_route=\/wp\/v2\/users\/1"}],"replies":[{"embeddable":true,"href":"https:\/\/eticaeconomiafratelvittorino.it\/index.php?rest_route=%2Fwp%2Fv2%2Fcomments&post=1186"}],"version-history":[{"count":8,"href":"https:\/\/eticaeconomiafratelvittorino.it\/index.php?rest_route=\/wp\/v2\/posts\/1186\/revisions"}],"predecessor-version":[{"id":1194,"href":"https:\/\/eticaeconomiafratelvittorino.it\/index.php?rest_route=\/wp\/v2\/posts\/1186\/revisions\/1194"}],"wp:attachment":[{"href":"https:\/\/eticaeconomiafratelvittorino.it\/index.php?rest_route=%2Fwp%2Fv2%2Fmedia&parent=1186"}],"wp:term":[{"taxonomy":"category","embeddable":true,"href":"https:\/\/eticaeconomiafratelvittorino.it\/index.php?rest_route=%2Fwp%2Fv2%2Fcategories&post=1186"},{"taxonomy":"post_tag","embeddable":true,"href":"https:\/\/eticaeconomiafratelvittorino.it\/index.php?rest_route=%2Fwp%2Fv2%2Ftags&post=1186"}],"curies":[{"name":"wp","href":"https:\/\/api.w.org\/{rel}","templated":true}]}}