{"id":1176,"date":"2018-09-06T13:19:03","date_gmt":"2018-09-06T13:19:03","guid":{"rendered":"http:\/\/eticaeconomiafratelvittorino.it\/?p=1176"},"modified":"2019-07-19T13:58:43","modified_gmt":"2019-07-19T13:58:43","slug":"vii-festival-della-dottrina-sociale-fedelta-e-cambiamento","status":"publish","type":"post","link":"https:\/\/eticaeconomiafratelvittorino.it\/?p=1176","title":{"rendered":"VII FESTIVAL DELLA DOTTRINA SOCIALE    \u201cFEDELTA\u2019 E\u2019 CAMBIAMENTO\u201d"},"content":{"rendered":"<p><a href=\"http:\/\/eticaeconomiafratelvittorino.it\/?attachment_id=1178\" rel=\"attachment wp-att-1178\"><img decoding=\"async\" loading=\"lazy\" class=\"aligncenter wp-image-1178 size-medium\" src=\"http:\/\/eticaeconomiafratelvittorino.it\/wp-content\/uploads\/2018\/09\/IMG_0087-300x225.jpg\" alt=\"\" width=\"300\" height=\"225\" srcset=\"https:\/\/eticaeconomiafratelvittorino.it\/wp-content\/uploads\/2018\/09\/IMG_0087-300x225.jpg 300w, https:\/\/eticaeconomiafratelvittorino.it\/wp-content\/uploads\/2018\/09\/IMG_0087-768x576.jpg 768w, https:\/\/eticaeconomiafratelvittorino.it\/wp-content\/uploads\/2018\/09\/IMG_0087-1024x768.jpg 1024w, https:\/\/eticaeconomiafratelvittorino.it\/wp-content\/uploads\/2018\/09\/IMG_0087-624x468.jpg 624w\" sizes=\"(max-width: 300px) 100vw, 300px\" \/><\/a><\/p>\n<p style=\"text-align: left;\" align=\"justify\">Il <b>Festival della Dottrina Sociale <\/b>svoltosi dal 23 al 26 Novembre 2017 al Cattolica Center in Zai a Verona \u00e8 oramai un consolidato appuntamento dell\u2019autunno veronese. Quest\u2019anno in modo particolare il Festival si \u00e8 aperto all\u2019internazionalizzazione grazie alla presenza di numerosi ospiti e relatori provenienti da ogni angolo del globo.<!--more-->Tema centrale e titolo della manifestazione, \u00e8 il provocatorio ossimoro<strong> &#8220;Fedelt\u00e0 \u00e8 cambiamento&#8221;<\/strong>. In un mondo in cui la logica del pensiero unico, l&#8217;individualismo imperante, i poteri forti della tecnocrazia ed un crescente disinteresse verso &#8220;il bene comune&#8221; portano l&#8217;uomo quasi ad estraniarsi dai bisogni e possibilit\u00e0 del prossimo, \u00e8 urgente un cambiamento profondo nell&#8217;umano, un agire differente.<br \/>\nLa serata di apertura ha visto la presenza del vescovo di Verona Mons. Giuseppe Zenti e del sindaco di Verona Federico Sboarina. I due momenti salienti sono stati il videomessaggio di S.S. Papa Francesco e l&#8217; intervento del Card. Luis Antonio Tagle Arcivescovo di Manila.<br \/>\nNel<strong> videomessaggio il Papa ha sottolineato che &#8220;fedelt\u00e0 all&#8217;uomo significa aprire gli occhi e il cuore ai poveri, agli ammalati,&nbsp; a coloro che non hanno lavoro, feriti dall&#8217;indifferenza di un&#8217;economia che scarta e uccide&#8230;&#8221;<\/strong> Portando l&#8217;esempio del patriarca Abramo e del suo s\u00ec a Dio, Papa Francesco evidenzia come&nbsp; la fedelt\u00e0 a Dio e all&#8217;uomo porti sempre avvio di processi positivi che no si limitano all&#8217;occupare il vuoto o gli spazi ma generano un risultato inedito che concorre allo sviluppo dell&#8217;umanit\u00e0 e ci conducono verso <strong>&#8220;un cambiamento dinamico di noi stessi e della realt\u00e0 superando immobilismi e convenienze&#8221;.<\/strong>&nbsp; &nbsp;<\/p>\n<p><iframe loading=\"lazy\" width=\"625\" height=\"469\" src=\"https:\/\/www.youtube.com\/embed\/dtGkDgdXiGQ?feature=oembed\" frameborder=\"0\" allow=\"autoplay; encrypted-media\" allowfullscreen><\/iframe><\/p>\n<p style=\"text-align: left;\" align=\"justify\">&nbsp;<\/p>\n<p style=\"text-align: left;\" align=\"justify\">Di straordinaria vivacit\u00e0 anche la <strong>relazione del Card. Luis Antonio Tagle<\/strong>. Il porporato ha analizzato il tema delle ricadute sul mondo del lavoro, sui governi, sulla societ\u00e0 della quarta rivoluzione industriale che vede la presenza ovunque di internet, dell&#8217;automazione spinta e del machine learning. Di fronte a questa &#8220;rottura&#8221;&nbsp; pi\u00f9 che la rivoluzione viene la necessit\u00e0&nbsp; da parte di tutta la cristianit\u00e0 di risvegliare tre tipi di intelligenza:<strong> l&#8217;intelligenza contestuale<\/strong>, ovvero la capacit\u00e0 di capire i contesti, <strong>l&#8217;intelligenza emozionale<\/strong> che punta all&#8217;incontro della ragione con l&#8217;emozione e <strong>l&#8217;intelligenza ispirata<\/strong> volta cio\u00e8 alla ricerca dell&#8217;anima nel raggiungimento di obiettivi comuni e non personali. <strong>Da come sapremo affrontare questi cambiamenti ne conseguir\u00e0 il mondo del lavoro e la societ\u00e0 dei decenni a venire.<br \/>\n<\/strong>Tra i numerosi incontri e seminari tenutisi il venerd\u00ec e il sabato segnaliamo il <strong>convegno dal titolo &#8220;Etica ed Economia: nuova disciplina per lo sviluppo delle imprese&#8221; a cura dell&#8217;Associazione Etica ed Economia fratel Vittorino<\/strong>, (vedi articolo di approfondimento) con la presenza di imprenditori che hanno saputo far crescere la propria azienda e creare profitto senza transigere ai principi etici nella gestione dell&#8217;impresa ed il convegno &#8220;una giornata con gli imprenditori&#8221; che ha visto la presenza di numerose figure di spicco in ambito accademico, imprenditoriale e di rappresentanze associative.&nbsp; &nbsp;<br \/>\nIl festival ha poi vissuto un momento importante nella serata di sabato 25 novembre quando si \u00e8 svolta l&#8217;ultima edizione del<strong> &#8220;Premio imprenditori per il bene comune&#8221;<\/strong> che da diversi anni a questa parte, gratifica &#8220;uomini e donne, spesso non noti, che nella loro attivit\u00e0 si comportano onestamente, perseguendo il profitto senza farne un idolo, sempre coscienti della responsabilit\u00e0 sociale della propria impresa&#8221;.<br \/>\nNella giornata conclusiva di Domenica 26 novembre il Card. Gualtiero Bassetti, presidente della Cei, in un suo intervento al Teatro Nuovo di Verona ha evidenziato che partendo&nbsp; proprio dalla Dottrina Sociale della chiesa &#8220;i cattolici hanno a disposizione un grande patrimonio di idee e pratiche che va valorizzato con l&#8217;obiettivo di rammentare l&#8217;Italia, ricucire il paese valorizzandone i talenti&#8221; sottolineando come <strong>&#8220;la famiglia e la messa in sicurezza del territorio potrebbero essere, in questo senso, un incentivo per lo sviluppo dell&#8217;Italia&#8221;.<br \/>\n<\/strong>In un pensiero rivolto ai giovani il Card. Gualtiero Bassetti ha dichiarato come i &#8220;<strong>i giovani non devono avere paura, perch\u00e9 la paura soffoca e toglie il futuro e la speranza&#8221;<\/strong>. compito dei governi \u00e8 quello di offrire loro prospettive concrete e garantire il lavoro, &#8220;gli adulti devono essere dei punti di riferimento per permettere ai giovani di volare. Per questo serve un patto tra la politica, i giovani e gli adulti, consapevoli che fare le cose belle costa, ma sacrificio ripaga&#8221;.&nbsp;<br \/>\nIl Festival si \u00e8 quindi concluso con la Santa Messa celebrata dal <strong>Cardinale Pietro Parolin<\/strong>, Segretario di Stato di Sua Santit\u00e0, che nell&#8217;omelia ha ricordato come <strong>&#8220;in una societ\u00e0 dominata da un individualismo radicale e da una prevalente indifferenza nei confronti&nbsp; dell&#8217;altro, come anche da una certa paura del futuro, la Dottrina sociale rende fecondo l&#8217;umano. Essa offre una nuova progettualit\u00e0 relativa alla societ\u00e0, all&#8217;economia e alla democrazia&#8221;.<\/strong><\/p>\n<p style=\"text-align: left;\" align=\"justify\">&nbsp;&nbsp;&nbsp;&nbsp;&nbsp;&nbsp;&nbsp;&nbsp;&nbsp;&nbsp;&nbsp;&nbsp;&nbsp;&nbsp;&nbsp;&nbsp;&nbsp;&nbsp;&nbsp;&nbsp;&nbsp;&nbsp;&nbsp;&nbsp;&nbsp;&nbsp;&nbsp;&nbsp;&nbsp;&nbsp;&nbsp;&nbsp;&nbsp;&nbsp;&nbsp;&nbsp;&nbsp;&nbsp;&nbsp;&nbsp;&nbsp;&nbsp;&nbsp;&nbsp;&nbsp;&nbsp;&nbsp;&nbsp;&nbsp;&nbsp;&nbsp;&nbsp;&nbsp;&nbsp;&nbsp;&nbsp;&nbsp;&nbsp;&nbsp;&nbsp;&nbsp;&nbsp;&nbsp;&nbsp;&nbsp;&nbsp;&nbsp;&nbsp;&nbsp;&nbsp;&nbsp;&nbsp;&nbsp;&nbsp;&nbsp;&nbsp;&nbsp;&nbsp;&nbsp;&nbsp;&nbsp;&nbsp;&nbsp;&nbsp;&nbsp;&nbsp;&nbsp;&nbsp;&nbsp;&nbsp;&nbsp;&nbsp;&nbsp;&nbsp;&nbsp;&nbsp;&nbsp;&nbsp;&nbsp;&nbsp;&nbsp;&nbsp;&nbsp;&nbsp;&nbsp;&nbsp;&nbsp;&nbsp;&nbsp;&nbsp;&nbsp;&nbsp;&nbsp;&nbsp;&nbsp;&nbsp;&nbsp;&nbsp;&nbsp;&nbsp;&nbsp;&nbsp;&nbsp;&nbsp;&nbsp;&nbsp;&nbsp; Matteo Grigoletti<\/p>\n<p style=\"text-align: left;\" align=\"justify\">&nbsp;<\/p>\n<p align=\"justify\">&nbsp;<\/p>\n<p>&nbsp;<\/p>\n<p align=\"justify\">&nbsp;<\/p>\n<p>&nbsp;<\/p>\n<p>&nbsp;<\/p>\n<p>&nbsp;<\/p>\n","protected":false},"excerpt":{"rendered":"<p>Il Festival della Dottrina Sociale svoltosi dal 23 al 26 Novembre 2017 al Cattolica Center in Zai a Verona \u00e8 oramai un consolidato appuntamento dell\u2019autunno veronese. Quest\u2019anno in modo particolare il Festival si \u00e8 aperto all\u2019internazionalizzazione grazie alla presenza di numerosi ospiti e relatori provenienti da ogni angolo del globo.<\/p>\n","protected":false},"author":1,"featured_media":0,"comment_status":"closed","ping_status":"closed","sticky":false,"template":"","format":"standard","meta":{"footnotes":""},"categories":[13],"tags":[],"_links":{"self":[{"href":"https:\/\/eticaeconomiafratelvittorino.it\/index.php?rest_route=\/wp\/v2\/posts\/1176"}],"collection":[{"href":"https:\/\/eticaeconomiafratelvittorino.it\/index.php?rest_route=\/wp\/v2\/posts"}],"about":[{"href":"https:\/\/eticaeconomiafratelvittorino.it\/index.php?rest_route=\/wp\/v2\/types\/post"}],"author":[{"embeddable":true,"href":"https:\/\/eticaeconomiafratelvittorino.it\/index.php?rest_route=\/wp\/v2\/users\/1"}],"replies":[{"embeddable":true,"href":"https:\/\/eticaeconomiafratelvittorino.it\/index.php?rest_route=%2Fwp%2Fv2%2Fcomments&post=1176"}],"version-history":[{"count":6,"href":"https:\/\/eticaeconomiafratelvittorino.it\/index.php?rest_route=\/wp\/v2\/posts\/1176\/revisions"}],"predecessor-version":[{"id":1184,"href":"https:\/\/eticaeconomiafratelvittorino.it\/index.php?rest_route=\/wp\/v2\/posts\/1176\/revisions\/1184"}],"wp:attachment":[{"href":"https:\/\/eticaeconomiafratelvittorino.it\/index.php?rest_route=%2Fwp%2Fv2%2Fmedia&parent=1176"}],"wp:term":[{"taxonomy":"category","embeddable":true,"href":"https:\/\/eticaeconomiafratelvittorino.it\/index.php?rest_route=%2Fwp%2Fv2%2Fcategories&post=1176"},{"taxonomy":"post_tag","embeddable":true,"href":"https:\/\/eticaeconomiafratelvittorino.it\/index.php?rest_route=%2Fwp%2Fv2%2Ftags&post=1176"}],"curies":[{"name":"wp","href":"https:\/\/api.w.org\/{rel}","templated":true}]}}