{"id":794,"date":"2015-02-13T18:15:41","date_gmt":"2015-02-13T18:15:41","guid":{"rendered":"http:\/\/eticaeconomiafratelvittorino.it\/?p=794"},"modified":"2015-02-13T18:35:43","modified_gmt":"2015-02-13T18:35:43","slug":"il-iv-festival-della-dottrina-sociale-a-verona","status":"publish","type":"post","link":"http:\/\/eticaeconomiafratelvittorino.it\/?p=794","title":{"rendered":"Il IV\u00b0 Festival della Dottrina Sociale a Verona"},"content":{"rendered":"<p><a href=\"http:\/\/eticaeconomiafratelvittorino.it\/wp-content\/uploads\/2015\/02\/DSC1.jpg\"><img decoding=\"async\" loading=\"lazy\" class=\"aligncenter wp-image-790 size-medium\" src=\"http:\/\/eticaeconomiafratelvittorino.it\/wp-content\/uploads\/2015\/02\/DSC1-300x217.jpg\" alt=\"DSC1\" width=\"300\" height=\"217\" srcset=\"http:\/\/eticaeconomiafratelvittorino.it\/wp-content\/uploads\/2015\/02\/DSC1-300x217.jpg 300w, http:\/\/eticaeconomiafratelvittorino.it\/wp-content\/uploads\/2015\/02\/DSC1.jpg 575w\" sizes=\"(max-width: 300px) 100vw, 300px\" \/><\/a><\/p>\n<p>Dal 20 al 23 novembre 2014, si \u00e8 svolto a Verona il IV Festival della Dottrina Sociale della Chiesa (DSC).\u00a0L&#8217;essere giunti alla quarta edizione consecutiva \u00e8 segno della rilevanza ottenuta da questo evento, grazie, anche, agli sforzi organizzativi spesi per realizzarlo e alle favorevoli adesioni raccolte.<!--more--><\/p>\n<p>Questa citt\u00e0, inoltre, esercita da sempre un forte richiamo per la sua capacit\u00e0 di offrire, oltre ai servizi di ospitalit\u00e0, un contesto artistico-culturale di cui pochi altri luoghi possono disporre. Si \u00e8 trattato di 4 giorni di convegni, tavole rotonde e manifestazioni tenute principalmente in luoghi del centro storico ma anche presso la Fiera di Verona.<br \/>\nNelle righe seguenti tenteremo di dare una sintesi dei lavori svolti, compito, questo, di per s\u00e9 impegnativo per i moltissimi argomenti e stimoli scaturiti dall&#8217;evento.<br \/>\nPer approfondimenti rimandiamo al sito web del Festival:<a href=\"http:\/\/dottrinasociale.it\/\">(http\/\/dottrinasociale.it)<\/a>. Molti componenti della nostra associazione hanno partecipato alle attivit\u00e0 proposte dal festival fornendo contributi concreti.<br \/>\nIl tema di quest&#8217;anno \u00e8 stato: \u201cFuori dai luoghi e dentro al tempo\u201d. Il titolo \u00e8 emerso dalla necessit\u00e0 che \u201cC&#8217;\u00e8 bisogno di uscire, di andare oltre, per lasciare i luoghi comuni, gli stereotipi, le finte certezze, il possesso e le false sicurezze. Vivere dentro il tempo \u00e8 accettare la sfida dell&#8217;imprevedibile, del differente, dell&#8217;altro che non \u00e8 mai come noi vorremmo\u201d.<br \/>\nE&#8217; da segnalare il successo che ha avuto la partecipazione del Festival alla manifestazione di Job Orienta presso la Fiera. Con il supporto di Cattolica Assicurazioni, \u00e8 stato possibile per delle aziende start up, create da giovani, poter offrire agli studenti degli esempi concreti di creativit\u00e0 e di sviluppo professionale, diventando imprenditori con nuove forme associative.<br \/>\nCon riferimento ai vari interventi succedutisi nella giornata inaugurale, forniremo, ora, una panoramica delle tematiche e degli indirizzi su\u00a0 auspicabili linee-guida per il futuro.<br \/>\nOrganizzare il Festival della Dottrina Sociale, come ha detto <a href=\"http:\/\/www.rivistalasocieta.com\/testimonial-view\/gentili\/\"><strong>Claudio Gentili<\/strong><\/a> della rivista \u201cLa Societ\u00e0\u201d, significa far ritornare i grandi valori nell&#8217; \u201cagor\u00e0\u201d, nella piazza, far incontrare la gente e quindi rimettersi a pensare. Il Festival della DSC, inoltre, affronta la nostra societ\u00e0 a 360 gradi con vari temi e persone provenienti da diversi ambiti professionali.<br \/>\n<strong>Mons. Vincenzi<\/strong> (ideatore del Festival) lo definisce come un mosaico i cui tasselli\u00a0 sono le competenze dei partecipanti provenienti da vari ambiti (economia, formazione, welfare, cooperazione, sociale&#8230;). Esse costituiscono una ricchezza e, nello stesso tempo, una risposta alla necessit\u00e0 di ampliare le proprie conoscenze e capacit\u00e0, per poter agire e parlare senza timore di fraintendimenti, confusione ed incertezze.<br \/>\nLa portata nazionale del Festival si \u00e8 ravvisata anche dal messaggio (video) del Santo Padre e dal telegramma inviato dal Presidente della Repubblica.<br \/>\nNapolitano ritiene il Festival una occasione per confrontare le ragioni del pensiero sociale cristiano con i processi di cambiamento in atto nella societ\u00e0, con particolare attenzione alla disoccupazione giovanile. La Dottrina Sociale- afferma, inoltre- \u00e8 portatrice di equit\u00e0 e solidariet\u00e0 presenti nella Costituzione Italiana e nell&#8217;Unione Europea, che considerano la dignit\u00e0 della persona un valore primario.<\/p>\n<div id=\"attachment_792\" style=\"width: 160px\" class=\"wp-caption alignleft\"><a href=\"http:\/\/eticaeconomiafratelvittorino.it\/wp-content\/uploads\/2015\/02\/DSC3.jpg\"><img aria-describedby=\"caption-attachment-792\" decoding=\"async\" loading=\"lazy\" class=\"wp-image-792 size-thumbnail\" src=\"http:\/\/eticaeconomiafratelvittorino.it\/wp-content\/uploads\/2015\/02\/DSC3-150x150.jpg\" alt=\"DSC3\" width=\"150\" height=\"150\" \/><\/a><p id=\"caption-attachment-792\" class=\"wp-caption-text\">Papa Francesco<\/p><\/div>\n<p>&nbsp;<\/p>\n<p><strong>Il Papa<\/strong>, nel suo <strong>\u00a0<\/strong>video-intervento, mette in guardia contro la sensazione di impotenza\u00a0 di fronte agli sforzi da compiere per affrontare la crisi, perch\u00e9 si rischia di non sentire il grido dei poveri mentre, invece, bisogna prendere l&#8217;iniziativa, che deve basarsi sull&#8217;amore, e vedere le cose in modo nuovo. Per esempio: si dice che manca il denaro ma esso si trova sempre per le guerre. (E&#8217; un argomento, questo, molto sottaciuto!). Occorrono persone innovative nella relazione e non solo nella tecnologia, con nuove forme di ingresso nel mondo del lavoro, nuove forme di partecipazione, nuove forme di interazione tra impresa e territorio. Sono necessarie anche iniziative per superare l&#8217;assistenzialismo, creando nuovi processi produttivi. A tal proposito cita un esempio di modo diverso di superare i problemi: un pap\u00e0, con un figlio down, ha adoperato gli aiuti ricevuti pensando anche agli altri nella medesima situazione e ha creato una cooperativa di ragazzi down, costruendo, in tal modo, le premesse per un futuro del\u00a0figlio e loro. Questo \u00e8 stato un esempio di \u201candare oltre\u201d.<br \/>\nIl Papa\u00a0 richiama all&#8217;unit\u00e0, alla condivisione di un medesimo fine: \u201cse ci muoviamo come popolo\u201d-dice-\u201dla nostra esistenza evidenzier\u00e0 questo significato e questa pienezza.\u201d<\/p>\n<p><iframe loading=\"lazy\" width=\"625\" height=\"352\" src=\"https:\/\/www.youtube.com\/embed\/tda_x7V2kG0?feature=oembed\" frameborder=\"0\" allowfullscreen><\/iframe><\/p>\n<div id=\"attachment_791\" style=\"width: 310px\" class=\"wp-caption alignright\"><a href=\"http:\/\/eticaeconomiafratelvittorino.it\/wp-content\/uploads\/2015\/02\/DSC2.jpg\"><img aria-describedby=\"caption-attachment-791\" decoding=\"async\" loading=\"lazy\" class=\"wp-image-791 size-medium\" src=\"http:\/\/eticaeconomiafratelvittorino.it\/wp-content\/uploads\/2015\/02\/DSC2-300x184.jpg\" alt=\"DSC2\" width=\"300\" height=\"184\" srcset=\"http:\/\/eticaeconomiafratelvittorino.it\/wp-content\/uploads\/2015\/02\/DSC2-300x184.jpg 300w, http:\/\/eticaeconomiafratelvittorino.it\/wp-content\/uploads\/2015\/02\/DSC2-624x383.jpg 624w, http:\/\/eticaeconomiafratelvittorino.it\/wp-content\/uploads\/2015\/02\/DSC2.jpg 635w\" sizes=\"(max-width: 300px) 100vw, 300px\" \/><\/a><p id=\"caption-attachment-791\" class=\"wp-caption-text\">Mons. Zenti Vescovo di Verona<\/p><\/div>\n<p>&nbsp;<\/p>\n<p>Nel suo intervento, <strong>Mons. Zenti<\/strong>, vescovo di Verona, definisce la famiglia come il vero segreto per gli italiani che vogliono uscire dalla crisi: ricostituire la famiglia, dunque,perch\u00e9 essa ha in custodia la valorizzazione del patrimonio dell&#8217;amore.<br \/>\nLo Stato \u00e8 sussidiario alla societ\u00e0 e ne sostiene il suo motore che \u00e8 il settore di attivit\u00e0 nel sociale.<br \/>\nFinch\u00e9 la finanza domina il mondo, condizionandolo con il suo arrogante e spietato potere, non risolviamo i problemi che ci attanagliano perch\u00e9 il vero volano di una nuova economia \u00e8 un sistema finanziario universale ispirato alla sobriet\u00e0.<br \/>\nOccorre, quindi, un nuovo umanesimo in Ges\u00f9 Cristo, non come utopia ma come profezia, con cristiani testimoni credibili.<br \/>\n<a href=\"http:\/\/www.chiesacattolica.it\/chiesa_cattolica_italiana\/news_e_mediacenter\/00065080_Mons__Toso_a_Faenza_Modigliana.html\"><strong>Mons. Toso<\/strong><\/a> (Pontificio Consiglio Giustizia e Pace) \u00e8 stato molto schietto e diretto nell&#8217;esortare alla mobilitazione il popolo della Chiesa, interpretando cos\u00ec il desiderio di Papa Francesco. La democrazia, quando \u00e8 in mano alle oligarchie, non \u00e8 pi\u00f9 tale perch\u00e9 essa, come dice il suo significato, deve essere partecipativa ed inclusiva.<br \/>\nRiappropriamoci, quindi, della democrazia, ricreandola e rifondandola!<br \/>\nIl cambiamento politico-sociale va attuato, per\u00f2, a partire dalle comunit\u00e0 ecclesiali perch\u00e9, ultimamente, la grande spinta al rinnovamento \u00e8 venuta dalla Chiesa e non dalle istituzioni finanziarie; merito, questo, riconosciuto anche dall&#8217;ONU.<br \/>\nIl professore <a href=\"http:\/\/www.unicatt.it\/organizzazione-dell-ateneo-il-rettore\"><strong>Anelli<\/strong><\/a> (Universit\u00e0 Cattolica Milano) ha parlato del ruolo della formazione: bisogna dare fiducia ai giovani ma sono gli adulti che la devono conquistare, soprattutto gli educatori; in Italia si assiste ad un calo degli iscritti all&#8217;universit\u00e0.<br \/>\nOccorre innovare il metodo formativo; all&#8217;universit\u00e0 di Harward dicono che dopo la laurea il lavoro ce lo dobbiamo creare perch\u00e9 se si insegnasse solo un mestiere si \u00e8 destinati a diventare obsoleti.<\/p>\n<div id=\"attachment_799\" style=\"width: 130px\" class=\"wp-caption alignleft\"><a href=\"http:\/\/eticaeconomiafratelvittorino.it\/wp-content\/uploads\/2015\/02\/Ministro-del-lavoro-Poletti.jpg\"><img aria-describedby=\"caption-attachment-799\" decoding=\"async\" loading=\"lazy\" class=\"wp-image-799 size-full\" src=\"http:\/\/eticaeconomiafratelvittorino.it\/wp-content\/uploads\/2015\/02\/Ministro-del-lavoro-Poletti.jpg\" alt=\"Ministro del lavoro Poletti\" width=\"120\" height=\"90\" \/><\/a><p id=\"caption-attachment-799\" class=\"wp-caption-text\">Ministro del Lavoro Poletti<\/p><\/div>\n<p>Il Ministro del Lavoro <a href=\"http:\/\/www.lavoro.gov.it\/Ministero\/ilMinistro\/Pages\/default.aspx\"><strong>Poletti<\/strong><\/a> ha voluto sottolineare come il governo abbia gi\u00e0 preso l&#8217;iniziativa per il cambiamento con le nuove regole sul lavoro. I cosiddetti ammortizzatori sociali servono sicuramente come aiuto alle persone in difficolt\u00e0 ma vanno gestiti in maniera condizionale: chi rimane senza lavoro non deve avere un atteggiamento passivo ma deve cercare di darsi da fare per cogliere le opportunit\u00e0 che gli vengono offerte, anche sotto il profilo di formazione integrativa, al fine di trovare una nuova occupazione.<br \/>\nE&#8217; toccato a <strong>Mons. Vincenzi<\/strong> tirare le conclusioni delle giornate di lavoro del Festival ed inizia con l&#8217;interrogativo di come vogliamo essere presenti ed essere lievito della societ\u00e0.<br \/>\nEssere lievito significa anche essere liberi, agire come il lievito che non chiede chi manger\u00e0 la torta o quale saranno gli altri ingredienti prima di decidere se espletare la sua funzione; in pratica, agisce indipendentemente dal contesto.<br \/>\nMons. Vincenzi ribadisce la necessit\u00e0 di impegnarsi senza paura di sbagliare e senza criticare troppo chi sbaglia. Il problema non \u00e8 tanto lo sbagliare quanto il non riconoscere di farlo. Solo cos\u00ec si cresce.<br \/>\nE&#8217; importante, inoltre, l&#8217;unit\u00e0 dei cattolici in quanto le cose buone si ottengono con la convergenza di pi\u00f9 persone e non con singoli eroi. Occorrono, quindi, forme laicali basate sulla vocazione personale.<br \/>\nInfine: per costruire persone nuove e una nuova societ\u00e0 occorre Dio e in questo consiste la spiritualit\u00e0 della DSC.<br \/>\nLe tavole rotonde e i dibattiti che si sono susseguiti nelle giornate del Festival hanno approfondito le pi\u00f9 svariate tematiche del mondo economico. Ne accenniamo alcune con dei flash tematici:<\/p>\n<p><strong>La Cooperazione<\/strong><\/p>\n<p>La cooperazione conta molto anche se \u00e8 ostacolata dalla eccessiva burocrazia. Il contributo monetario pubblico per le start up in questo settore \u00e8 troppo esiguo. La forma cooperativa \u00e8 maggiormente radicata al territorio con cui interagisce.<br \/>\nLe cooperative spurie, costituite per fornire lavoro a minor prezzo con il settore Profit, non rientrano nella concezione cooperativistica che mira alla condivisione del profitto, della partecipazione nelle decisioni. Dell&#8217;innovazione.<\/p>\n<p><strong>Formazione Professionale<\/strong><\/p>\n<p>C&#8217;\u00e8 l&#8217;esigenza di conciliare maggiormente scuola e lavoro e lavorare per preparare adeguatamente i formatori.<\/p>\n<p><strong>Welfare<\/strong><\/p>\n<p>Bisogna difendere soprattutto le persone, e non i posti di lavoro, mediante l&#8217;attuazione di nuovi meccanismi.<br \/>\nIn Italia manca il reddito minimo di disoccupazione da legare, in maniera condizionale, alla disponibilit\u00e0 di darsi da fare per riprendere un nuovo lavoro.<\/p>\n<p><strong>Lavoro<\/strong><\/p>\n<p>E&#8217; avvenuta una metamorfosi del lavoro, che si \u00e8 spostato in prevalenza sui servizi mentre si va perdendo il manifatturiero ed il relativo know how.<br \/>\nSi \u00e8 sganciato il lavoro dagli aspetti \u201cspirituali\u201d (costruzione della propria umanit\u00e0 e del carattere, collaborazione con Dio nella gestione del creato e servizio ai fratelli), focalizzandosi solo sul guadagno. Si \u00e8 scelta l&#8217;efficienza e la maggior resa finanziaria, facendo fare il lavoro alle macchine e non all&#8217;uomo. Le macchine producono efficienza ma non sviluppo, mentre lo sviluppo occupa tempo ma non \u00e8 produttivo.\u00a0 Sulla lunga distanza, per\u00f2, questa si \u00e8 rivelata una scelta non lungimirante.<br \/>\nLa compartecipazione, con la giusta quota di responsabilit\u00e0 individuale, \u00e8 la strada da seguire per il futuro. L&#8217;esempio del binomio responsabilit\u00e0-collaborazione si ha nella bottega artigiana dove, se si ammalano contemporaneamente titolare e operaio, la bottega si ferma.<\/p>\n<p><strong>Banche<\/strong><\/p>\n<p>Le banche di media grandezza esisteranno sempre perch\u00e9 hanno uno stretto rapporto con il territorio.<br \/>\nSi auspicano, per il futuro, investimenti dal settore pubblico e finanziamenti con i fondi di garanzia e cassa prestiti.<br \/>\nMancano figure di analisti di progetti che siano il tramite tra le proposte degli imprenditori e il mondo finanziario col fine di instaurare un dialogo proficuo.<br \/>\nLe associazioni di categoria dovrebbero essere pi\u00f9 convincenti verso la richiesta di credito.<\/p>\n<p><strong>Per concludere<\/strong><\/p>\n<p>un piccolo pensiero da parte nostra.<br \/>\nCon il Festival della Dottrina Sociale, la Chiesa d\u00e0 ulteriore dimostrazione della sua prossimit\u00e0 al vivere umano con tutte le sue problematiche e, in questo suo agire, come non sentire la vicinanza di Dio?<br \/>\nConsapevoli di ci\u00f2, dobbiamo trovare il coraggio del cambiamento esercitando la nostra libert\u00e0, e ci piace riportare quanto detto da Mons. Vincenzi:<br \/>\n\u201cPer fare il bene non occorre chiedere il permesso a nessuno\u201d.<\/p>\n<p style=\"text-align: right;\">\u00a0Flavio Danese<\/p>\n","protected":false},"excerpt":{"rendered":"<p>Dal 20 al 23 novembre 2014, si \u00e8 svolto a Verona il IV Festival della Dottrina Sociale della Chiesa (DSC).\u00a0L&#8217;essere giunti alla quarta edizione consecutiva \u00e8 segno della rilevanza ottenuta da questo evento, grazie, anche, agli sforzi organizzativi spesi per realizzarlo e alle favorevoli adesioni raccolte.<\/p>\n","protected":false},"author":1,"featured_media":0,"comment_status":"closed","ping_status":"closed","sticky":false,"template":"","format":"standard","meta":{"footnotes":""},"categories":[13],"tags":[],"_links":{"self":[{"href":"http:\/\/eticaeconomiafratelvittorino.it\/index.php?rest_route=\/wp\/v2\/posts\/794"}],"collection":[{"href":"http:\/\/eticaeconomiafratelvittorino.it\/index.php?rest_route=\/wp\/v2\/posts"}],"about":[{"href":"http:\/\/eticaeconomiafratelvittorino.it\/index.php?rest_route=\/wp\/v2\/types\/post"}],"author":[{"embeddable":true,"href":"http:\/\/eticaeconomiafratelvittorino.it\/index.php?rest_route=\/wp\/v2\/users\/1"}],"replies":[{"embeddable":true,"href":"http:\/\/eticaeconomiafratelvittorino.it\/index.php?rest_route=%2Fwp%2Fv2%2Fcomments&post=794"}],"version-history":[{"count":18,"href":"http:\/\/eticaeconomiafratelvittorino.it\/index.php?rest_route=\/wp\/v2\/posts\/794\/revisions"}],"predecessor-version":[{"id":819,"href":"http:\/\/eticaeconomiafratelvittorino.it\/index.php?rest_route=\/wp\/v2\/posts\/794\/revisions\/819"}],"wp:attachment":[{"href":"http:\/\/eticaeconomiafratelvittorino.it\/index.php?rest_route=%2Fwp%2Fv2%2Fmedia&parent=794"}],"wp:term":[{"taxonomy":"category","embeddable":true,"href":"http:\/\/eticaeconomiafratelvittorino.it\/index.php?rest_route=%2Fwp%2Fv2%2Fcategories&post=794"},{"taxonomy":"post_tag","embeddable":true,"href":"http:\/\/eticaeconomiafratelvittorino.it\/index.php?rest_route=%2Fwp%2Fv2%2Ftags&post=794"}],"curies":[{"name":"wp","href":"https:\/\/api.w.org\/{rel}","templated":true}]}}