{"id":737,"date":"2014-11-10T15:38:14","date_gmt":"2014-11-10T15:38:14","guid":{"rendered":"http:\/\/eticaeconomiafratelvittorino.it\/?p=737"},"modified":"2015-04-25T15:44:55","modified_gmt":"2015-04-25T15:44:55","slug":"a-castel-goffreddo-un-esempio-di-economia-solidale-senza-frontiere","status":"publish","type":"post","link":"http:\/\/eticaeconomiafratelvittorino.it\/?p=737","title":{"rendered":"A Castel Goffreddo un esempio di economia solidale &#8220;Senza Frontiere&#8221;"},"content":{"rendered":"<div id=\"attachment_740\" style=\"width: 310px\" class=\"wp-caption aligncenter\"><a href=\"http:\/\/eticaeconomiafratelvittorino.it\/wp-content\/uploads\/2014\/11\/S.-Apollonio_0001.jpg\"><img aria-describedby=\"caption-attachment-740\" decoding=\"async\" loading=\"lazy\" class=\"size-medium wp-image-740\" src=\"http:\/\/eticaeconomiafratelvittorino.it\/wp-content\/uploads\/2014\/11\/S.-Apollonio_0001-300x208.jpg\" alt=\"Il parco giardino della tenuta S.Apollonio\" width=\"300\" height=\"208\" srcset=\"http:\/\/eticaeconomiafratelvittorino.it\/wp-content\/uploads\/2014\/11\/S.-Apollonio_0001-300x208.jpg 300w, http:\/\/eticaeconomiafratelvittorino.it\/wp-content\/uploads\/2014\/11\/S.-Apollonio_0001-1024x710.jpg 1024w, http:\/\/eticaeconomiafratelvittorino.it\/wp-content\/uploads\/2014\/11\/S.-Apollonio_0001-624x433.jpg 624w, http:\/\/eticaeconomiafratelvittorino.it\/wp-content\/uploads\/2014\/11\/S.-Apollonio_0001.jpg 1511w\" sizes=\"(max-width: 300px) 100vw, 300px\" \/><\/a><p id=\"caption-attachment-740\" class=\"wp-caption-text\">Il parco giardino della tenuta S. Apollonio<\/p><\/div>\n<p>Ci sono realt\u00e0 di economia solidale che meriterebbero di avere maggiore risalto mediatico. Ce ne siamo resi conto andando a trovare, nello scorso ottobre, Anselmo\u00a0Castelli presidente della Fondazione \u201cSenza Frontiere\u201d a Castel Goffredo (MN).<\/p>\n<p><!--more--><\/p>\n<p>La sede della fondazione \u00e8 al\u2019interno di una splendida tenuta che vanta un patrimonio faunistico e naturalistico stupefacente.<br \/>\nLa Fondazione Senza Frontiere, costituita come Onlus nel 1998 ed esistente come Gruppo dal 1973, nasce con l\u2019intento di sostenere economicamente progetti di solidariet\u00e0 sociale a favore di bambini e comunit\u00e0 in difficolt\u00e0.<br \/>\nAnselmo\u00a0Castelli ha saputo coniugare l\u2019impegno professionale di commercialista\u00a0 ed altre cariche in enti economici, con l\u2019attivit\u00e0 di realizzazione progetti di solidariet\u00e0 in giro per il mondo.<br \/>\nQuesta proiezione internazionale\u00a0 si denota anche dal museo etnografico al\u2019interno della sede della Fondazione.<br \/>\nI progetti realizzati non sono monotematici ma molto diversificati: si passa da progetti di riforestazione, a scuole di formazione, creazione ambulatori medici, costruzione strutture sportive, istituzione casse rurali, creazione cooperative, adozioni a distanza.. e molto altro.<br \/>\nUn aspetto\u00a0 estremamente importante da tenere in conto nella progettazione \u00a0\u00e8 costituito dalla componente antropologica \u00a0cio\u00e8 dalle differenti culture, tradizioni, temperature climatiche ecc.<br \/>\nL\u2019attivit\u00e0 della Fondazione, per quanto volta a molteplici iniziative, si basa su chiari principi come \u00e8 evidenziato nel loro sito:\u00a0<a title=\"Fondazione Senza Frontiere - Onlus\" href=\"http:\/\/www.senzafrontiere.com\/\">\u00a0http:\/\/www.senzafrontiere.com\/<\/a><\/p>\n<ol>\n<li>\u00a0<strong>La formazione rende autonomi<\/strong>: la formazione, il trasferimento di conoscenze \u00e8 fondamentale a tutti i livelli dell\u2019aiuto e della solidariet\u00e0. I progetti nascono per istruire e specializzare i giovani, in modo tale che questi possano diventare autonomi e sviluppare le loro comunit\u00e0<\/li>\n<li><strong>L\u2019autonomia, non la gerarchia<\/strong>: tutti i progetti sono gestiti direttamente da persone del luogo, che si sentono protagonisti di un cambiamento e non schiavi di un meccanismo estraneo.<\/li>\n<li><strong>La sobriet\u00e0 e la curiosit\u00e0 come stile di vita<\/strong>: tutti gli approcci con le popolazioni locali sono al\u2019insegna della sobriet\u00e0 e del rispetto per le culture autoctone, consci che l\u2019apprendimento e la conoscenza non sono mai processi unidirezionali ma sempre bidirezionali. Ogni contatto tra culture diverse \u00e8 scambio di saperi.<\/li>\n<li><strong>I bambini sono il futuro del mondo:<\/strong> i bambini sono il futuro del pianeta su cui viviamo e come tali sono i referenti verso cui con pi\u00f9 frequenza si rivolgono i nostri progetti. Un bambino che sviluppa un sapere, un bambino che apprende sar\u00e0 pi\u00f9 libero e meno schiavo.\n<p><div id=\"attachment_739\" style=\"width: 310px\" class=\"wp-caption alignright\"><a href=\"http:\/\/eticaeconomiafratelvittorino.it\/wp-content\/uploads\/2014\/11\/Castelli-Maguzzano-001.jpg\"><img aria-describedby=\"caption-attachment-739\" decoding=\"async\" loading=\"lazy\" class=\"size-medium wp-image-739\" src=\"http:\/\/eticaeconomiafratelvittorino.it\/wp-content\/uploads\/2014\/11\/Castelli-Maguzzano-001-300x200.jpg\" alt=\"Flavio Danese a sinistra, al centro della foto Anselmo Castelli e a sinistra Stefano Lunardi \" width=\"300\" height=\"200\" srcset=\"http:\/\/eticaeconomiafratelvittorino.it\/wp-content\/uploads\/2014\/11\/Castelli-Maguzzano-001-300x200.jpg 300w, http:\/\/eticaeconomiafratelvittorino.it\/wp-content\/uploads\/2014\/11\/Castelli-Maguzzano-001-1024x685.jpg 1024w, http:\/\/eticaeconomiafratelvittorino.it\/wp-content\/uploads\/2014\/11\/Castelli-Maguzzano-001-624x417.jpg 624w\" sizes=\"(max-width: 300px) 100vw, 300px\" \/><\/a><p id=\"caption-attachment-739\" class=\"wp-caption-text\">Flavio Danese a sinistra, al centro della foto Anselmo Castelli e a destra Stefano Lunardi<\/p><\/div><\/li>\n<\/ol>\n<p>Nel conversare con Castelli ci siamo resi conto che nel dettaglio i progetti portano molte difficolt\u00e0.<br \/>\nOggi per esempio si parla molto delle\u00a0 zone rurali come opportunit\u00e0 di sviluppo, tuttavia se la tecnologia\u00a0 di internet risolve la questione della comunicazione, il problema dei trasporti in zone difficili\u00a0 \u00e8 ancora un nodo importante da sciogliere.<br \/>\nIn conclusione ci sentiamo di affermare \u00a0che il modo di guardare\u00a0 a progetti fatti \u00a0come quelli della Fondazione \u201cSenza Frontiere\u201d deve cogliere non solo quanto \u00e8 stato fatto di buono in s\u00e9\u00a0 ma capire in che maniera queste realizzazioni possono <strong>assurgere a \u201cmodello\u201d<\/strong>\u00a0 sempre pi\u00f9 perfezionabile per adottarlo, con le dovute correzioni, ad altri luoghi e situazioni. In pratica far fruttare l\u2019esperienza e condividere la conoscenza.<br \/>\nNoi ringraziamo Anselmo\u00a0Castelli \u00a0sia per l\u2019attivit\u00e0 che svolge a favore del bene comune sia\u00a0 per\u00a0 essere \u00a0un bel riferimento per gli uomini che vogliono contribuire a migliorare il mondo.<br \/>\nInvitiamo inoltre ,chi ci legge,\u00a0 a visitare la tenuta\u00a0 S. Apollonio a Castel Goffredo, la quale \u00a0\u00e8 uno spettacolo per gli occhi e per il cuore.<\/p>\n<p style=\"text-align: right;\">Flavio Danese<\/p>\n<div id=\"attachment_741\" style=\"width: 190px\" class=\"wp-caption alignleft\"><a href=\"http:\/\/eticaeconomiafratelvittorino.it\/wp-content\/uploads\/2014\/11\/S.-Apollonio_0002.jpg\"><img aria-describedby=\"caption-attachment-741\" decoding=\"async\" loading=\"lazy\" class=\"wp-image-741\" src=\"http:\/\/eticaeconomiafratelvittorino.it\/wp-content\/uploads\/2014\/11\/S.-Apollonio_0002-150x150.jpg\" alt=\"S. Apollonio_0002\" width=\"180\" height=\"121\" srcset=\"http:\/\/eticaeconomiafratelvittorino.it\/wp-content\/uploads\/2014\/11\/S.-Apollonio_0002-300x201.jpg 300w, http:\/\/eticaeconomiafratelvittorino.it\/wp-content\/uploads\/2014\/11\/S.-Apollonio_0002-1024x688.jpg 1024w, http:\/\/eticaeconomiafratelvittorino.it\/wp-content\/uploads\/2014\/11\/S.-Apollonio_0002-624x419.jpg 624w, http:\/\/eticaeconomiafratelvittorino.it\/wp-content\/uploads\/2014\/11\/S.-Apollonio_0002.jpg 1530w\" sizes=\"(max-width: 180px) 100vw, 180px\" \/><\/a><p id=\"caption-attachment-741\" class=\"wp-caption-text\">Particolare del cancello del parco<\/p><\/div>\n<div id=\"attachment_742\" style=\"width: 190px\" class=\"wp-caption alignright\"><a href=\"http:\/\/eticaeconomiafratelvittorino.it\/wp-content\/uploads\/2014\/11\/S.-Apollonio_0003.jpg\"><img aria-describedby=\"caption-attachment-742\" decoding=\"async\" loading=\"lazy\" class=\"wp-image-742\" src=\"http:\/\/eticaeconomiafratelvittorino.it\/wp-content\/uploads\/2014\/11\/S.-Apollonio_0003-150x150.jpg\" alt=\"S. Apollonio_0003\" width=\"180\" height=\"124\" srcset=\"http:\/\/eticaeconomiafratelvittorino.it\/wp-content\/uploads\/2014\/11\/S.-Apollonio_0003-300x206.jpg 300w, http:\/\/eticaeconomiafratelvittorino.it\/wp-content\/uploads\/2014\/11\/S.-Apollonio_0003-1024x703.jpg 1024w, http:\/\/eticaeconomiafratelvittorino.it\/wp-content\/uploads\/2014\/11\/S.-Apollonio_0003-624x428.jpg 624w, http:\/\/eticaeconomiafratelvittorino.it\/wp-content\/uploads\/2014\/11\/S.-Apollonio_0003.jpg 1513w\" sizes=\"(max-width: 180px) 100vw, 180px\" \/><\/a><p id=\"caption-attachment-742\" class=\"wp-caption-text\">Particolare del parco S. Apollonio<\/p><\/div>\n<p>&nbsp;<\/p>\n<p style=\"text-align: right;\">\n","protected":false},"excerpt":{"rendered":"<p>Ci sono realt\u00e0 di economia solidale che meriterebbero di avere maggiore risalto mediatico. Ce ne siamo resi conto andando a trovare, nello scorso ottobre, Anselmo\u00a0Castelli presidente della Fondazione \u201cSenza Frontiere\u201d a Castel Goffredo (MN).<\/p>\n","protected":false},"author":1,"featured_media":0,"comment_status":"closed","ping_status":"closed","sticky":false,"template":"","format":"standard","meta":{"footnotes":""},"categories":[13],"tags":[],"_links":{"self":[{"href":"http:\/\/eticaeconomiafratelvittorino.it\/index.php?rest_route=\/wp\/v2\/posts\/737"}],"collection":[{"href":"http:\/\/eticaeconomiafratelvittorino.it\/index.php?rest_route=\/wp\/v2\/posts"}],"about":[{"href":"http:\/\/eticaeconomiafratelvittorino.it\/index.php?rest_route=\/wp\/v2\/types\/post"}],"author":[{"embeddable":true,"href":"http:\/\/eticaeconomiafratelvittorino.it\/index.php?rest_route=\/wp\/v2\/users\/1"}],"replies":[{"embeddable":true,"href":"http:\/\/eticaeconomiafratelvittorino.it\/index.php?rest_route=%2Fwp%2Fv2%2Fcomments&post=737"}],"version-history":[{"count":8,"href":"http:\/\/eticaeconomiafratelvittorino.it\/index.php?rest_route=\/wp\/v2\/posts\/737\/revisions"}],"predecessor-version":[{"id":882,"href":"http:\/\/eticaeconomiafratelvittorino.it\/index.php?rest_route=\/wp\/v2\/posts\/737\/revisions\/882"}],"wp:attachment":[{"href":"http:\/\/eticaeconomiafratelvittorino.it\/index.php?rest_route=%2Fwp%2Fv2%2Fmedia&parent=737"}],"wp:term":[{"taxonomy":"category","embeddable":true,"href":"http:\/\/eticaeconomiafratelvittorino.it\/index.php?rest_route=%2Fwp%2Fv2%2Fcategories&post=737"},{"taxonomy":"post_tag","embeddable":true,"href":"http:\/\/eticaeconomiafratelvittorino.it\/index.php?rest_route=%2Fwp%2Fv2%2Ftags&post=737"}],"curies":[{"name":"wp","href":"https:\/\/api.w.org\/{rel}","templated":true}]}}