{"id":401,"date":"2014-10-23T19:53:01","date_gmt":"2014-10-23T19:53:01","guid":{"rendered":"http:\/\/eticaeconomiafratelvittorino.it\/?p=401"},"modified":"2015-01-14T15:47:18","modified_gmt":"2015-01-14T15:47:18","slug":"etica-ed-economia-fratel-vittorino-al-convegno-ucid-sfruz-tn","status":"publish","type":"post","link":"http:\/\/eticaeconomiafratelvittorino.it\/?p=401","title":{"rendered":"Etica ed Economia Fratel Vittorino al convegno UCID (Sfruz-Tn)"},"content":{"rendered":"<p>&nbsp;<\/p>\n<p><a href=\"http:\/\/eticaeconomiafratelvittorino.it\/wp-content\/uploads\/2014\/10\/Sfrunz-2014-002.jpg\"><img decoding=\"async\" loading=\"lazy\" class=\"aligncenter wp-image-405 size-medium\" src=\"http:\/\/eticaeconomiafratelvittorino.it\/wp-content\/uploads\/2014\/10\/Sfrunz-2014-002-300x200.jpg\" alt=\"Sfrunz 2014 002\" width=\"300\" height=\"200\" srcset=\"http:\/\/eticaeconomiafratelvittorino.it\/wp-content\/uploads\/2014\/10\/Sfrunz-2014-002-300x200.jpg 300w, http:\/\/eticaeconomiafratelvittorino.it\/wp-content\/uploads\/2014\/10\/Sfrunz-2014-002-1024x685.jpg 1024w, http:\/\/eticaeconomiafratelvittorino.it\/wp-content\/uploads\/2014\/10\/Sfrunz-2014-002-624x417.jpg 624w\" sizes=\"(max-width: 300px) 100vw, 300px\" \/><\/a><\/p>\n<p>Il giorno 11 Ottobre 2014, alcuni membri dell&#8217;associazione Etica ed Economia Fratel Vittorino, hanno partecipato al convegno UCID (Unione Cristiana Imprenditori e dirigenti) in cui l&#8217;ospite relatore era il <strong>Prof. Marco Vitale<\/strong>.<\/p>\n<p><!--more--><\/p>\n<p>L&#8217;incontro si \u00e8 svolto in un albergo a ridosso di un bosco di pini a 1000 metri di altitudine, un piacevole contesto di ambiente montano adatto per incontri di studio e riflessione.<br \/>\nMentre la prolusione del prof.Vitale si \u00e8 svolta al mattino, nel pomeriggio sono seguite le osservazioni di <strong>Mons. Adriano Vincenzi\u00a0<\/strong>per dare una visione, da persone di fede, della realt\u00e0 odierna e cercare di delineare un percorso che l&#8217; UCID pu\u00f2 darsi per essere protagonista dell&#8217;esigenza del cambiamento verso il &#8220;nuovo&#8221;.<\/p>\n<div id=\"attachment_403\" style=\"width: 160px\" class=\"wp-caption alignleft\"><a href=\"http:\/\/eticaeconomiafratelvittorino.it\/wp-content\/uploads\/2014\/10\/100_2834.jpg\"><img aria-describedby=\"caption-attachment-403\" decoding=\"async\" loading=\"lazy\" class=\"wp-image-403 size-thumbnail\" src=\"http:\/\/eticaeconomiafratelvittorino.it\/wp-content\/uploads\/2014\/10\/100_2834-150x150.jpg\" alt=\"100_2834\" width=\"150\" height=\"150\" \/><\/a><p id=\"caption-attachment-403\" class=\"wp-caption-text\">Prof Marco Vitale<\/p><\/div>\n<p>Il prof. Vitale \u00e8 molto conosciuto nel panorama culturale e nell&#8217;impegno sociale in quanto con i suoi libri e le conferenze, sia in Italia che all&#8217;estero, divulga il pensiero nuovo per ridare all&#8217;economia il ruolo di teoria e prassi umana per il bene comune.<br \/>\n<span style=\"line-height: 1.714285714; font-size: 1rem;\">Il documento completo dell&#8217;esposizione fatta dal prof. Vitale lo si pu\u00f2 trovare sotto questo articolo.<br \/>\n<\/span>Per brevit\u00e0 anticipiamo in sintesi i punti significativi.<\/p>\n<p><strong>LA SITUAZIONE ECONOMICA\u00a0ATTUALE<\/strong><\/p>\n<p>\u00c8 una situazione conosciuta da tutti: molte imprese hanno chiuso l&#8217;attivit\u00e0, la disoccupazione \u00e8 crescente, le politiche economiche e sociali sono inadeguate e l&#8217;attivit\u00e0 imprenditoriale e manageriale non sono all&#8217;altezza della situazione.<br \/>\nCi sono eccezioni di imprese che dimostrano le capacit\u00e0 dell&#8217;eccellenza italiana tuttavia sono una minoranza. Ad aggravare la situazione vi sono pratiche di corruzione che non danno merito alle aziende oneste.<\/p>\n<p><strong>LE CAUSE DELLA CRISI\u00a0<\/strong><\/p>\n<p>Si possono ricondurre essenzialmente all&#8217;atteggiamento prevalente di una visione finanziaria dell&#8217;economia, promossa soprattutto da un modello di sviluppo economico americano, che si \u00e8 progressivamente staccata dall&#8217;economia reale.<br \/>\nVi \u00e8 stata anche una negazione continua della profondit\u00e0 della crisi, inoltre il mancato protagonismo delle universit\u00e0 di elaborare un pensiero contro corrente, significa l&#8217;esistenza di un impedimento al pensiero libero con le dovute eccezioni di economisti che invece parlano in maniera trasparente.<br \/>\nL&#8217;impresa non \u00e8 stata colta come soggetto storico legato ad un territorio e alle persone, ma solo nel puro aspetto produttivo-economico. Essa tuttavia non pu\u00f2 identificarsi solo in funzione dell&#8217;interesse della propriet\u00e0.<br \/>\nNel campo manageriale \u00e8 prevalso un approccio tecnicistico legato alla specializzazione che non ha tenuto conto di tutte le variabili che occorrono per dirigere.<\/p>\n<div id=\"attachment_419\" style=\"width: 160px\" class=\"wp-caption aligncenter\"><a href=\"http:\/\/eticaeconomiafratelvittorino.it\/wp-content\/uploads\/2014\/10\/Economico-Senofonte.jpg\"><img aria-describedby=\"caption-attachment-419\" decoding=\"async\" loading=\"lazy\" class=\"wp-image-419 size-full\" src=\"http:\/\/eticaeconomiafratelvittorino.it\/wp-content\/uploads\/2014\/10\/Economico-Senofonte.jpg\" alt=\"Economico di Senofonte\" width=\"150\" height=\"251\" \/><\/a><p id=\"caption-attachment-419\" class=\"wp-caption-text\">Economico di Senofonte<\/p><\/div>\n<p>Metodi pi\u00f9 sani di direzione sono stati scritti perfino nell&#8217;antico testo di <a href=\"http:\/\/www.treccani.it\/enciclopedia\/senofonte\/\"><strong>Senofonte<\/strong><\/a> &#8220;ECONOMICO&#8221; dove l&#8217;autore immagina Socrate che incontra Iscomaco giovane imprenditore di successo per indagare le ragioni dei buoni risultati nelle sue \u00a0molteplici attivit\u00e0.<br \/>\nIn pratica si tratta del primo testo occidentale di management in cui vengono considerate tutte le relazioni interne ed esterne che un attivit\u00e0 aziendale pone in atto. L&#8217;attenzione ai collaboratori va fatta \u00a0per esempio nel modo di comandare, di formare e di incentivare.<br \/>\nIl guru dell&#8217;organizzazione aziendale dei nostri giorni Peter Drucker definisce:&#8221;Le aziende non sono fine a se stesse, ma esistono per svolgere una determinata funzione sociale, esse sono strumenti per assolvere fini che le trascendono. Sono organi di sviluppo&#8221;.<br \/>\nSi riscontra quindi il fallimento di una prassi neoliberista a cui si aggiunge una mentalit\u00e0 obsoleta di &#8220;sinistra&#8221; per la quale l&#8217;impresa \u00e8 costituita essenzialmente da capitale e lavoro in eterno conflitto.<br \/>\nIl pensiero cattolico, pur disponendo della dottrina sociale della chiesa, \u00e8 stato insufficiente per generare una nuova prassi e deve maggiormente impegnarsi.<\/p>\n<p><strong>NUOVI PARADIGMI\u00a0<\/strong><\/p>\n<p>&#8211; Appello ad una moralit\u00e0 personale e pubblica.<br \/>\n&#8211; Legittimazione dell&#8217;impresa solo se \u00e8 fattore di sviluppo e di incivilimento, come ha saputo essere nel passato.<br \/>\n&#8211; L&#8217;impresa deve creare valore aggiunto (materiale e immateriale), attraverso l&#8217;innovazione.<br \/>\nAnche se vi sono i motivi, non ci si deve scoraggiare per non lasciare spazio a degenerazioni successive dei problemi e, per dirla come il filosofo Karl Popper: <em>&#8220;Noi possiamo fare qualche cosa per il futuro. Forse possiamo fare poco, ma ci\u00f2 che possiamo fare, dobbiamo farlo&#8221;<\/em>.<\/p>\n<div id=\"attachment_412\" style=\"width: 310px\" class=\"wp-caption aligncenter\"><a href=\"http:\/\/eticaeconomiafratelvittorino.it\/wp-content\/uploads\/2014\/10\/Sfrunz-2014-011.jpg\"><img aria-describedby=\"caption-attachment-412\" decoding=\"async\" loading=\"lazy\" class=\"wp-image-412 size-medium\" src=\"http:\/\/eticaeconomiafratelvittorino.it\/wp-content\/uploads\/2014\/10\/Sfrunz-2014-011-300x200.jpg\" alt=\"Sfrunz 2014 011\" width=\"300\" height=\"200\" srcset=\"http:\/\/eticaeconomiafratelvittorino.it\/wp-content\/uploads\/2014\/10\/Sfrunz-2014-011-300x200.jpg 300w, http:\/\/eticaeconomiafratelvittorino.it\/wp-content\/uploads\/2014\/10\/Sfrunz-2014-011-1024x685.jpg 1024w, http:\/\/eticaeconomiafratelvittorino.it\/wp-content\/uploads\/2014\/10\/Sfrunz-2014-011-624x417.jpg 624w\" sizes=\"(max-width: 300px) 100vw, 300px\" \/><\/a><p id=\"caption-attachment-412\" class=\"wp-caption-text\">Mons. Adriano Vincenzi<\/p><\/div>\n<p>Nel pomeriggio Mons. Adriano Vincenzi ha iniziato una riflessione su come i credenti che agiscono nel campo dell&#8217; imprenditoria devono porsi di fronte alle problematiche. La risposta ha una semplicit\u00e0 e grandezza: Recuperare Dio.<br \/>\nLo scoramento e la stanchezza che si notano nel far fronte ai problemi sono dovuti ad una presunzione di dover essere soprattutto produttivi e di successo, tuttavia c&#8217;\u00e8 da ribadire che gli uomini da soli non riescono a cambiare il mondo altrimenti non si considera il significato di Dio nella storia in quanto \u00e8 Lui che pu\u00f2 riuscire con pienezza in questa impresa.<br \/>\nCome credenti dobbiamo lavorare recuperando la dimensione spirituale riconoscendo la nostra insufficienza e, su questa capacit\u00e0 di agire nel limite seguendo il vangelo, Dio misurer\u00e0 l&#8217;opera umana.<br \/>\nSvincolati dalla mentalit\u00e0 prettamente &#8220;produttivistica&#8221;in senso stretto, ci si sente uomini nuovi e liberi, pronti al cambiamento perch\u00e9 ci si &#8220;colloca oltre&#8221;.<br \/>\nCon questa prospettiva una organizzazione come l&#8217;UCID pu\u00f2 porsi in maniera nuova verso la realt\u00e0 uscendone rafforzata.<br \/>\n\u00c8 stato fatto presente che il &#8220;collocarsi oltre&#8221; \u00e8 anche il tema del prossimo festival DSC (20 &#8211; 23 novembre 2014) intitolato &#8220;oltre i luoghi, dentro il tempo&#8221;. Il \u00a0luogo significa fissit\u00e0, ripetitivit\u00e0, finte certezze mentre vivere il tempo vuol dire accettare l&#8217;imprevedibilit\u00e0, la diversit\u00e0, il cambiamento.<\/p>\n<p><a href=\"http:\/\/eticaeconomiafratelvittorino.it\/wp-content\/uploads\/2014\/10\/2014.11.pdf\">2014.11<\/a><\/p>\n<p><a href=\"http:\/\/eticaeconomiafratelvittorino.it\/wp-content\/uploads\/2014\/10\/Sfrunz-2014-005.jpg\"><img decoding=\"async\" loading=\"lazy\" class=\"aligncenter wp-image-408 size-medium\" src=\"http:\/\/eticaeconomiafratelvittorino.it\/wp-content\/uploads\/2014\/10\/Sfrunz-2014-005-300x200.jpg\" alt=\"Sfrunz 2014 005\" width=\"300\" height=\"200\" srcset=\"http:\/\/eticaeconomiafratelvittorino.it\/wp-content\/uploads\/2014\/10\/Sfrunz-2014-005-300x200.jpg 300w, http:\/\/eticaeconomiafratelvittorino.it\/wp-content\/uploads\/2014\/10\/Sfrunz-2014-005-1024x685.jpg 1024w, http:\/\/eticaeconomiafratelvittorino.it\/wp-content\/uploads\/2014\/10\/Sfrunz-2014-005-624x417.jpg 624w\" sizes=\"(max-width: 300px) 100vw, 300px\" \/><\/a><\/p>\n<p style=\"text-align: right;\">\u00a0Flavio Danese e Tommaso Scardova<\/p>\n","protected":false},"excerpt":{"rendered":"<p>&nbsp; Il giorno 11 Ottobre 2014, alcuni membri dell&#8217;associazione Etica ed Economia Fratel Vittorino, hanno partecipato al convegno UCID (Unione Cristiana Imprenditori e dirigenti) in cui l&#8217;ospite relatore era il Prof. Marco Vitale.<\/p>\n","protected":false},"author":1,"featured_media":0,"comment_status":"closed","ping_status":"closed","sticky":false,"template":"","format":"standard","meta":{"footnotes":""},"categories":[13],"tags":[],"_links":{"self":[{"href":"http:\/\/eticaeconomiafratelvittorino.it\/index.php?rest_route=\/wp\/v2\/posts\/401"}],"collection":[{"href":"http:\/\/eticaeconomiafratelvittorino.it\/index.php?rest_route=\/wp\/v2\/posts"}],"about":[{"href":"http:\/\/eticaeconomiafratelvittorino.it\/index.php?rest_route=\/wp\/v2\/types\/post"}],"author":[{"embeddable":true,"href":"http:\/\/eticaeconomiafratelvittorino.it\/index.php?rest_route=\/wp\/v2\/users\/1"}],"replies":[{"embeddable":true,"href":"http:\/\/eticaeconomiafratelvittorino.it\/index.php?rest_route=%2Fwp%2Fv2%2Fcomments&post=401"}],"version-history":[{"count":16,"href":"http:\/\/eticaeconomiafratelvittorino.it\/index.php?rest_route=\/wp\/v2\/posts\/401\/revisions"}],"predecessor-version":[{"id":767,"href":"http:\/\/eticaeconomiafratelvittorino.it\/index.php?rest_route=\/wp\/v2\/posts\/401\/revisions\/767"}],"wp:attachment":[{"href":"http:\/\/eticaeconomiafratelvittorino.it\/index.php?rest_route=%2Fwp%2Fv2%2Fmedia&parent=401"}],"wp:term":[{"taxonomy":"category","embeddable":true,"href":"http:\/\/eticaeconomiafratelvittorino.it\/index.php?rest_route=%2Fwp%2Fv2%2Fcategories&post=401"},{"taxonomy":"post_tag","embeddable":true,"href":"http:\/\/eticaeconomiafratelvittorino.it\/index.php?rest_route=%2Fwp%2Fv2%2Ftags&post=401"}],"curies":[{"name":"wp","href":"https:\/\/api.w.org\/{rel}","templated":true}]}}