{"id":1,"date":"2014-05-22T08:19:20","date_gmt":"2014-05-22T08:19:20","guid":{"rendered":"http:\/\/eticaeconomiafratelvittorino.it\/?p=1"},"modified":"2020-09-08T11:40:29","modified_gmt":"2020-09-08T11:40:29","slug":"hello-world","status":"publish","type":"post","link":"http:\/\/eticaeconomiafratelvittorino.it\/?p=1","title":{"rendered":"NEWS"},"content":{"rendered":"<p><strong>&#8211; 12\/9\/2020<\/strong><\/p>\n<p>Carissimi,<br \/>\nSabato <strong>12 Settembre, ore 20.00,<\/strong> presso &#8220;Arena Verde&#8221; di Trevenzuolo (Vr), siete invitati a partecipare ad un incontro sull&#8217;Enciclica.<br \/>\nIl tema che verr\u00e0 trattato sar\u00e0 &#8220;Laudato Si&#8221;; esperienze e testimonianze a confronto&#8221;.<br \/>\nPresenzier\u00e0 tra i relatori anche Don Giacomo Cordioli.<br \/>\nIn allegato trovate il programma.<\/p>\n<p>Cari saluti.<\/p>\n<p>Il Consiglio Etica ed Economia<\/p>\n<p><a href=\"http:\/\/eticaeconomiafratelvittorino.it\/?attachment_id=1277\" rel=\"attachment wp-att-1277\">Laudato Si locandina<\/a><\/p>\n<p><strong>&#8211; 19\/10\/2019<\/strong><\/p>\n<p>Carissimi,<br \/>\nSabato <strong>19 Ottobre, ore 15.30,<\/strong> presso la Casa Incontri di San Giacomo di Vago, siete invitati a partecipare ad un incontro organizzato dalla nostra Associazione &#8220;Etica ed Economia Fratel Vittorino&#8221;.<br \/>\nIl tema che verr\u00e0 trattato sar\u00e0 &#8220;ECONOMIA CON L&#8217;ANIMA; esperienze e testimonianze a confronto&#8221;.<br \/>\nPresenzier\u00e0 tra i relatori anche Don Giacomo Cordioli.<br \/>\nVogliamo sottolineare che cerchiamo di rendere sempre vivi ed attuali gli insegnamenti, anche in materia economica, di Fratel Vittorino collocandoli in tematiche che colgano l&#8217;urgenza dei tempi che stiamo vivendo.<br \/>\nIn allegato trovate il programma.<\/p>\n<p>Cari saluti.<\/p>\n<p style=\"text-align: right;\">Il Consiglio Etica ed Economia<\/p>\n<p><a href=\"http:\/\/eticaeconomiafratelvittorino.it\/?attachment_id=1249\" rel=\"attachment wp-att-1249\">Economia con l&#8217;anima_vd<\/a><\/p>\n<p>&nbsp;<\/p>\n<p><strong>&#8211; 14\/8\/2017<\/strong><\/p>\n<p class=\"yiv3608501066MsoNormal\">Cari Amici, vi comunichiamo che a\u00a0 fine settembre 2018 parte il 2\u00b0 corso di ETICA D&#8217;IMPRESA al quale la nostra Associazione partecipa\u00a0 attivamente in collaborazione con l&#8217; UNIVERSIT\u00c0 di Verona.<br \/>\nSi svolge presso il Polo Santa Marta dell&#8217;Universit\u00e0 di Verona, il venerd\u00ec pomeriggio con cadenza bisettimanale.<br \/>\n\u00c8 un corso dalla spesa modica che fornisce elementi importanti di multidisciplinariet\u00e0<br \/>\na chi lavora o vuole\u00a0 inserirsi all&#8217;interno di imprese, enti ed Associazioni.<\/p>\n<p>Aiuta i partecipanti\u00a0 a :<\/p>\n<p>1) Interpretare i contesti culturali<\/p>\n<p>2) Assumere decisioni<\/p>\n<p>3) Vivere relazioni<\/p>\n<p>4) Misurare e comunicare performance<\/p>\n<p>Inutile ricordare che le Imprese, Enti ed Associazione che applicano questi principi<br \/>\nhanno dei risultati straordinari in termini di compartecipazione, condivisione ed entusiasmo.<br \/>\nSe avete collaboratori amici\/conoscenti allargate pure l&#8217;invito, c&#8217;\u00e8 tempo fino al 31 agosto 2018 per le iscrizioni.<\/p>\n<p class=\"yiv3608501066MsoNormal\" style=\"text-align: left;\">Per qualsiasi informazione siamo a disposizione.<\/p>\n<p>Un caro saluto a Tutti.<\/p>\n<p>Il consiglio dell&#8217;Associazione<\/p>\n<p><a href=\"http:\/\/eticaeconomiafratelvittorino.it\/?attachment_id=1174\" rel=\"attachment wp-att-1174\">corso_etica_2018Univr<\/a><\/p>\n<p>&nbsp;<\/p>\n<p><strong>&#8211; 24\/11\/2017<\/strong><\/p>\n<p style=\"text-align: left;\">In occasione del<br \/>\n<strong>\u00a0\u00a0\u00a0\u00a0\u00a0\u00a0\u00a0\u00a0\u00a0\u00a0\u00a0\u00a0\u00a0\u00a0\u00a0\u00a0\u00a0\u00a0\u00a0\u00a0\u00a0\u00a0 Centenario della nascita di Fratel Vittorino<\/strong><\/p>\n<p>l&#8217;Associazione durante il <strong>FESTIVAL della DOTTRINA SOCIALE <\/strong>organizza il convegno<\/p>\n<p><span style=\"color: #ff0000;\"><em><strong>ETICA ED ECONOMIA:<br \/>\nnuova disciplina<br \/>\nper lo sviluppo delle<\/strong> <strong>imprese<\/strong><\/em><\/span><\/p>\n<p><span style=\"color: #ff0000;\"><span style=\"color: #000000;\">Il convegno vuole far emergere:<\/span><\/span><\/p>\n<p><span style=\"color: #ff0000;\"><span style=\"color: #000000;\">&#8211; storie d&#8217;impresa che hanno adottato i principi di etica applicata secondo le indicazioni\u00a0\u00a0\u00a0\u00a0\u00a0 fornite da Fratel Vittorino.<br \/>\n&#8211; sintesi del corso di etica d&#8217;impresa terminato il giugno 2017.<\/span><\/span><\/p>\n<p><strong>\u00c8 prevista la testimonianza di alcuni imprenditori<\/strong><\/p>\n<p><strong>Venerd\u00ec 24 novembre 2017 ore 15.30<\/strong><br \/>\n<strong>Verona, CATTOLICA CENTER- Via Germania 33<\/strong><\/p>\n<p><strong>Per informazioni:<\/strong><br \/>\nErmes: tel 334 1355708<br \/>\nEmail. <strong>ass.fr.vittorino@gmail.com<br \/>\n<\/strong>Web: <strong>www.eticaeconomiafratelvittorino.it<\/strong><\/p>\n<p><strong>&#8211; 6\/9\/2017<\/strong><\/p>\n<p>Cari Amici,<br \/>\nsiete tutti invitati a questo specialissimo evento !!!<br \/>\n<strong>Mercoled\u00ec 6 settembre alle ore 20.30 verr\u00e0 celebrata alla casa incontri &#8220;Oasi San Giacomo&#8221; di Vago di Lavagno (Vr) una S.Messa di Commemorazione per il 100\u00b0 compleanno di Fratel Vittorino.<\/strong><br \/>\nSar\u00e0 presieduta dal superiore Generale dell&#8217;Opera Don Calabria Miguel Tofful.<br \/>\nIn attesa di incontrarci vi salutiamo fraternamente.<\/p>\n<p><a href=\"http:\/\/eticaeconomiafratelvittorino.it\/?attachment_id=1163\" rel=\"attachment wp-att-1163\">Loc_6.9.2017<\/a><\/p>\n<p style=\"text-align: right;\">Il consiglio dell&#8217;Associazione<\/p>\n<p>&nbsp;<\/p>\n<p><strong>&#8211;\u00a026\/3\/2017<\/strong><\/p>\n<p>Carissimi,<\/p>\n<p>Questo mese abbiamo un importante occasione di incontro a cui siete invitati e cio\u00e8 il convegno organizzato per<strong> l&#8217;anniversario della nascita di Fratel Vittorino<\/strong>.<br \/>\nSi svolger\u00e0 Domenica 26 Marzo prossimo alle ore 15.30 presso San Zeno in Monte. Sono previste anche delle testimonianze di chi l&#8217;ha frequentato e la messa conclusiva alle ore 18,00.<br \/>\nArrivederci a Domenica 26.<\/p>\n<p><a href=\"http:\/\/eticaeconomiafratelvittorino.it\/wp-content\/uploads\/2014\/05\/Locandina_26marzo2017.png\"><img decoding=\"async\" loading=\"lazy\" class=\"alignnone size-medium wp-image-1088\" src=\"http:\/\/eticaeconomiafratelvittorino.it\/wp-content\/uploads\/2014\/05\/Locandina_26marzo2017-212x300.png\" alt=\"Locandina_26marzo2017\" width=\"212\" height=\"300\" srcset=\"http:\/\/eticaeconomiafratelvittorino.it\/wp-content\/uploads\/2014\/05\/Locandina_26marzo2017-212x300.png 212w, http:\/\/eticaeconomiafratelvittorino.it\/wp-content\/uploads\/2014\/05\/Locandina_26marzo2017-724x1024.png 724w, http:\/\/eticaeconomiafratelvittorino.it\/wp-content\/uploads\/2014\/05\/Locandina_26marzo2017-624x883.png 624w, http:\/\/eticaeconomiafratelvittorino.it\/wp-content\/uploads\/2014\/05\/Locandina_26marzo2017.png 1169w\" sizes=\"(max-width: 212px) 100vw, 212px\" \/><\/a><\/p>\n<p><strong>&#8211; Dal 20\/1\/2017 al 5 \/5\/2017<\/strong><\/p>\n<p>Cari Amici,<br \/>\nvi comunichiamo l&#8217;attivazione\u00a0del <strong>corso di ETICA d&#8217;impresa, da parte dell&#8217;Universit\u00e0 di Verona,\u00a0<\/strong>al quale collaboriamo \u00a0come <strong>Associazione Etica ed Economia Fratel Vittorino.<br \/>\nIn allegato inviamo le modalit\u00e0 operative e le tematiche trattate.<br \/>\n<\/strong><strong>Vi siamo \u00a0grati se riuscite \u00a0a pubblicizzarlo presso giovani, amici ,conoscenti ecc&#8230;,<br \/>\npoich\u00e8 riteniamo \u00a0 molto utile nella attivit\u00e0 di impresa e della professione.<\/strong><\/p>\n<p><a href=\"http:\/\/eticaeconomiafratelvittorino.it\/wp-content\/uploads\/2014\/05\/Depliant-corso-eticaeconomia.pdf\">depliant-corso-eticaeconomia<\/a><\/p>\n<p style=\"text-align: right;\">Un caro Saluto<br \/>\nErmes Bampa<\/p>\n<p><strong>&#8211; Dal 25 al 26 \/11\/2016<\/strong><\/p>\n<p class=\"yiv0202355184MsoNormal\">Carissimi \u00a0Amici,<\/p>\n<p class=\"yiv0202355184MsoNormal\"><strong>L\u2019Associazione Etica\u00a0 ed Economia Fratel Vittorino<\/strong> <strong>\u00e8 stata inserita nel programma generale del prossimo Festival nazionale della Dottrina Sociale della Chiesa, nella sua sesta edizione che si svolger\u00e0 a novembre prossimo\u00a0 tra il 24 e il 27 .<br \/>\n<\/strong><strong>A questa manifestazione siete tutti invitati.<br \/>\n<\/strong>In allegato trovate \u00a0il file riguardante\u00a0 le date inerenti \u00a0gli incontri consigliati.<br \/>\n<strong>Tutti gli eventi si svolgono al<strong> CATTOLICA CENTER via Germania 33 &#8211; Verona<\/strong>,<\/strong><strong><br \/>\n<\/strong><strong>abbastanza vicino alla fiera.<br \/>\n<\/strong>E\u2019 di particolare soddisfazione\u00a0 che una Associazione come la nostra, appartenente all\u2019Opera calabriana, sia partecipe alle iniziative pensate per una occasione cos\u00ec importante in cui possiamo anche divulgare i pensieri di Fratel Vittorino\u00a0 nel campo dell\u2019economia.<br \/>\nA presto.<\/p>\n<p class=\"yiv0202355184MsoNormal\" style=\"text-align: right;\">Cordiali saluti.<\/p>\n<p class=\"yiv0202355184MsoNormal\" style=\"text-align: left;\"><a href=\"http:\/\/eticaeconomiafratelvittorino.it\/wp-content\/uploads\/2014\/05\/Vl-festival-DSC.pdf\">vl-festival-dsc<\/a><\/p>\n<p class=\"yiv0202355184MsoNormal\">Il Segretario<br \/>\nFlavio Danese\u00a0(349 3807754)<\/p>\n<p><strong>&#8211; 29\/1\/2016<\/strong><\/p>\n<p>Carissimi amici\u00a0delle Scuole del Movimento \u201cEtica ed Economia\u201d,<br \/>\nDesideriamo informarvi sul convengo organizzato dalla nostra Associazione \u201cEtica ed economia Fratel Vittorino \u201c di Verona, che avr\u00e0 luogo il 29\/1\/2016 (venerd\u00ec) alle ore\u00a0 17,30 presso la sede dell\u2019Opera Calabriana di Via \u00a0San Zeno in Monte \u2013 Verona .<br \/>\nE\u2019 un convegno concepito per dare attuazione pratica a progetti pensati nell\u2019 ambito del Movimento delle Scuole di \u00a0Etica, sui \u00a0percorsi dei quali ci siamo aggiornati \u00a0assieme nell\u2019 incontro del nostro Movimento a Roma tenutosi nel \u00a0luglio dello scorso anno.<br \/>\nIl titolo che abbiamo dato all\u2019evento di \u201c<b>Globalizzazione della solidariet\u00e0<\/b>\u201d \u00e8 la linea guida principale che deve ispirare le azioni per dare concreta speranza a tutta l\u2019umanit\u00e0.<br \/>\nIl principale relatore sar\u00e0 il Dott. Tullio Chiminazzo, fondatore delle scuole di\u00a0 Etica ed Economia; vi sar\u00e0 anche \u00a0la partecipazione dell\u2019Economo dell\u2019Opera Don Calabria Fratel Gedovar Nazzari.<br \/>\nIn allegato trovate la locandina di informazione.<br \/>\nSaremmo felici se qualcuno di voi, facilitato \u00a0per la vicinanza geografica, potesse partecipare all\u2019incontro.<br \/>\nA risentirci a presto e cari saluti.<\/p>\n<p>&nbsp;<\/p>\n<p>Il Segretario \u00a0 \u00a0 \u00a0 \u00a0 \u00a0 \u00a0Il Presidente<br \/>\nFlavio Danese \u00a0 \u00a0 \u00a0 \u00a0 Ermes Bampa<\/p>\n<p><a href=\"http:\/\/eticaeconomiafratelvittorino.it\/wp-content\/uploads\/2014\/05\/convegno-29-gennaio-2016.pdf\">convegno 29 gennaio 2016<\/a><\/p>\n<p><strong>&#8211; Dal 26 al 29\/11\/2015<\/strong><\/p>\n<p>Carissimi,<\/p>\n<p>La nostra Associazione \u00e8 impegnata nella promozione dei valori espressi dalla Dottrina Sociale della Chiesa pertanto vi segnaliamo anche quest&#8217;anno il FESTIVAL DELLA DOTTRINA SOCIALE nella sua V edizione. La manifestazione, che durer\u00e0 da gioved\u00ec 26\/11 a Domenica 29\/11, avr\u00e0 luogo presso la Fiera di Verona. \u00c8 stata organizzata in concomitanza con il Job &amp; Orienta, sempre nelle strutture della Fiera, anche con lo scopo di mettere in risalto la connessione delle tematiche del Festival con la problematica delle opportunit\u00e0 occupazionali per i giovani.<br \/>\nIl tema del Festival di quest&#8217;anno \u00e8 &#8220;La SFIDA DELLA REALT\u00c0&#8221;, la quale ci spinge a superare una visione ideologica del presente. Guardare quindi in faccia la realt\u00e0 per promuovere il cambiamento riproponendo i valori autenticamente umani.<br \/>\nObiettivo del festival \u00e8 l&#8217;incontro di una pluralit\u00e0 di soggetti che condividendo i medesimi valori, possono creare le condizioni per la formazione di una nuova coscienza sociale.<br \/>\nIl dettaglio del programma lo trovate in allegato e potete constatare come sia ricco e vario. Nel sito<span style=\"color: #000000;\"><span style=\"color: #0000ff;\">\u00a0<a href=\"http:\/\/dottrinasociale.it\/\"><span style=\"color: #0000ff;\">www.dottrinasociale<\/span><\/a><span style=\"color: #000000;\"><span style=\"color: #0000ff;\"><a href=\"http:\/\/dottrinasociale.it\/\">.it<\/a>\u00a0<\/span><\/span><span style=\"color: #000000;\">vi sono le istruzioni per iscrivervi per partecipare a qualche giornata.<br \/>\n<\/span><\/span><\/span><span style=\"color: #000000;\"><span style=\"color: #0000ff;\"><span style=\"color: #000000;\">I valori che ci ha trasmesso Fratel Vittorino riguardo la gestione dell&#8217;economia volta al bene comune possono trovare nel festival una ulteriore occasione per prendere consapevolezza ed entusiasmo di realizzazione di specifici obiettivi nel vivere quotidiano.<br \/>\n<\/span><\/span><\/span><span style=\"color: #000000;\"><span style=\"color: #0000ff;\"><span style=\"color: #000000;\">Ci auguriamo che possiate avere l&#8217;opportunit\u00e0 di partecipare e quindi di incontrarci.<br \/>\n<\/span><\/span><\/span><span style=\"color: #000000;\"><span style=\"color: #0000ff;\"><span style=\"color: #000000;\">Tanti saluti e a presto.<\/span><\/span><\/span><\/p>\n<p><span style=\"color: #000000;\"><span style=\"color: #0000ff;\"><span style=\"color: #000000;\">Il segretario<br \/>\nFlavio Danese \u00a0<\/span><\/span><\/span><\/p>\n<p><span style=\"color: #000000;\"><span style=\"color: #0000ff;\"><span style=\"color: #000000;\"><a href=\"http:\/\/eticaeconomiafratelvittorino.it\/wp-content\/uploads\/2014\/05\/V-Festival-DSC-2015-Programma-1.pdf\">V-Festival-DSC-2015-Programma (1)<\/a>\u00a0<\/span><\/span>\u00a0<\/span><\/p>\n<div><\/div>\n<p><strong>&#8211; 6\/9\/2015<\/strong><\/p>\n<div>Carissimi,<\/div>\n<div><\/div>\n<p>siamo lieti di invitarvi domenica 6 settembre 2015<br \/>\nalla Casa di Incontri a\u00a0 S. Giacomo di Vago (VR)<br \/>\nin occasione del 98\u00b0 compleanno in cielo di FRATEL VITTORINO.<br \/>\nAlle ore 18,00\u00a0 S. Messa nel Tempio dell&#8217;Eucaristia.<br \/>\nSeguir\u00e0 la presentazione del libro-biografia dal titolo:<br \/>\n<strong>FRATEL VITTORINO FACCIA &#8220;IL RICAMO DELLO SPIRITO&#8221;<br \/>\n<\/strong>da parte dell&#8217;autore Prof. Domenico Bosco.<br \/>\nIn allegato potete trovare la locandina dell&#8217;avvenimento.<br \/>\nVi aspettiamo numerosi!<span style=\"color: #0000ff;\"><br \/>\n<\/span><\/p>\n<p style=\"text-align: right;\">La segreteria dell&#8217;Ass. Fr. Vittorino Etica ed Economia<\/p>\n<div><\/div>\n<div><a href=\"http:\/\/eticaeconomiafratelvittorino.it\/wp-content\/uploads\/2014\/05\/Fr-Vittorino-locandina-1-1.pdf\">Fr Vittorino locandina (1) (1)<\/a><\/div>\n<p>&nbsp;<\/p>\n<p><strong>&#8211; Dal 30 al 31\/6\/2015<\/strong><\/p>\n<p>Festa della Famiglia Calabriana, per informazioni e prenotazione. Contattare entro il giorno 17\/6\/2015.<br \/>\nErmes Bampa (3341355708)<\/p>\n<p><a href=\"http:\/\/eticaeconomiafratelvittorino.it\/wp-content\/uploads\/2015\/05\/Festa-Calabriana-2015.pdf\">Festa Calabriana 2015<\/a><\/p>\n<p>&nbsp;<\/p>\n<p><strong>&#8211; 4\/3\/2015<\/strong><\/p>\n<p>La nostra Associazione promuove un interessante incontro per il giorno 4 Marzo come indicato nella locandina sottoesposta.<\/p>\n<p><a href=\"http:\/\/eticaeconomiafratelvittorino.it\/wp-content\/uploads\/2015\/02\/Immagine.jpg\"><img decoding=\"async\" loading=\"lazy\" class=\"aligncenter wp-image-806 size-medium\" src=\"http:\/\/eticaeconomiafratelvittorino.it\/wp-content\/uploads\/2015\/02\/Immagine-209x300.jpg\" alt=\"Immagine\" width=\"209\" height=\"300\" srcset=\"http:\/\/eticaeconomiafratelvittorino.it\/wp-content\/uploads\/2015\/02\/Immagine-209x300.jpg 209w, http:\/\/eticaeconomiafratelvittorino.it\/wp-content\/uploads\/2015\/02\/Immagine-712x1024.jpg 712w, http:\/\/eticaeconomiafratelvittorino.it\/wp-content\/uploads\/2015\/02\/Immagine-624x897.jpg 624w\" sizes=\"(max-width: 209px) 100vw, 209px\" \/><\/a><\/p>\n<p>&nbsp;<\/p>\n<p><strong>&#8211; Dal 20 al 23\/11\/2014<\/strong><\/p>\n<p><em>IV festival della dottrina sociale dal titolo &#8220;Oltre i luoghi, dentro il tempo&#8221;<\/em><\/p>\n<div id=\"attachment_386\" style=\"width: 231px\" class=\"wp-caption aligncenter\"><a href=\"http:\/\/eticaeconomiafratelvittorino.it\/wp-content\/uploads\/2014\/09\/DSC.jpg\"><img aria-describedby=\"caption-attachment-386\" decoding=\"async\" loading=\"lazy\" class=\"wp-image-386 size-medium\" src=\"http:\/\/eticaeconomiafratelvittorino.it\/wp-content\/uploads\/2014\/09\/DSC-e1411200139556-221x300.jpg\" alt=\"DSC\" width=\"221\" height=\"300\" srcset=\"http:\/\/eticaeconomiafratelvittorino.it\/wp-content\/uploads\/2014\/09\/DSC-e1411200139556-221x300.jpg 221w, http:\/\/eticaeconomiafratelvittorino.it\/wp-content\/uploads\/2014\/09\/DSC-e1411200139556-754x1024.jpg 754w, http:\/\/eticaeconomiafratelvittorino.it\/wp-content\/uploads\/2014\/09\/DSC-e1411200139556-624x846.jpg 624w, http:\/\/eticaeconomiafratelvittorino.it\/wp-content\/uploads\/2014\/09\/DSC-e1411200139556.jpg 1218w\" sizes=\"(max-width: 221px) 100vw, 221px\" \/><\/a><p id=\"caption-attachment-386\" class=\"wp-caption-text\">Festival della Dottrina Sociale IV edizione<\/p><\/div>\n<p><strong>&#8211; 11\/10\/2014<\/strong><\/p>\n<p>Ripartiamo con un ritiro a Sfruz, presso Villa Claudia. Avremo la possibilit\u00e0 di confrontarci con l&#8217;economista Prof. Marco Vitale ed il nostro consulente ecclesiastico Mons. Vincenzi su un tema particolarmente significativo:&#8221;Dalla sfiducia alla proposta&#8221;.<\/p>\n<p><strong>&#8211;\u00a0Dal 29\/9\/2014 al 8\/10\/2014<\/strong><\/p>\n<p>Festa di San Giovanni Calabria nel 60\u00b0 anniversario della morte 1954 &#8211; 2014.<\/p>\n<p><a href=\"http:\/\/eticaeconomiafratelvittorino.it\/wp-content\/uploads\/2014\/10\/locandina-festa-d.jpg\"><img decoding=\"async\" loading=\"lazy\" class=\"alignnone size-medium wp-image-393\" src=\"http:\/\/eticaeconomiafratelvittorino.it\/wp-content\/uploads\/2014\/10\/locandina-festa-d-212x300.jpg\" alt=\"locandina festa d\" width=\"212\" height=\"300\" srcset=\"http:\/\/eticaeconomiafratelvittorino.it\/wp-content\/uploads\/2014\/10\/locandina-festa-d-212x300.jpg 212w, http:\/\/eticaeconomiafratelvittorino.it\/wp-content\/uploads\/2014\/10\/locandina-festa-d-723x1024.jpg 723w, http:\/\/eticaeconomiafratelvittorino.it\/wp-content\/uploads\/2014\/10\/locandina-festa-d-624x882.jpg 624w, http:\/\/eticaeconomiafratelvittorino.it\/wp-content\/uploads\/2014\/10\/locandina-festa-d.jpg 1754w\" sizes=\"(max-width: 212px) 100vw, 212px\" \/><\/a><a href=\"http:\/\/eticaeconomiafratelvittorino.it\/wp-content\/uploads\/2014\/10\/retro-festa-d.jpg\"><img decoding=\"async\" loading=\"lazy\" class=\"alignnone size-medium wp-image-394\" src=\"http:\/\/eticaeconomiafratelvittorino.it\/wp-content\/uploads\/2014\/10\/retro-festa-d-212x300.jpg\" alt=\"retro festa d\" width=\"212\" height=\"300\" srcset=\"http:\/\/eticaeconomiafratelvittorino.it\/wp-content\/uploads\/2014\/10\/retro-festa-d-212x300.jpg 212w, http:\/\/eticaeconomiafratelvittorino.it\/wp-content\/uploads\/2014\/10\/retro-festa-d-723x1024.jpg 723w, http:\/\/eticaeconomiafratelvittorino.it\/wp-content\/uploads\/2014\/10\/retro-festa-d-624x882.jpg 624w, http:\/\/eticaeconomiafratelvittorino.it\/wp-content\/uploads\/2014\/10\/retro-festa-d.jpg 1754w\" sizes=\"(max-width: 212px) 100vw, 212px\" \/><\/a><\/p>\n<p><strong>&#8211; 19\/9\/2014<\/strong><\/p>\n<p>L&#8217;Associazione \u00a0culturale GENTE E TERRITORIO presenta il progetto &#8220;Citt\u00e0 Cardioprotetta&#8221;<\/p>\n<p>&#8211; <strong>5\/5\/2014 <\/strong><\/p>\n<p>EXPO 2015\u00a0Dibattito presso universit\u00e0 Verona<br \/>\nLe opportunit\u00e0 per le aziende e giovani<\/p>\n<p><!--more--><\/p>\n<p><strong>&#8211; 24\/6\/2014<\/strong><\/p>\n<p>Incontro con Padre Gianluigi Pasquale<br \/>\n&#8220;I giovani organizzano il futuro&#8221;<\/p>\n<p>&nbsp;<\/p>\n","protected":false},"excerpt":{"rendered":"<p>&#8211; 12\/9\/2020 Carissimi, Sabato 12 Settembre, ore 20.00, presso &#8220;Arena Verde&#8221; di Trevenzuolo (Vr), siete invitati a partecipare ad un incontro sull&#8217;Enciclica. Il tema che verr\u00e0 trattato sar\u00e0 &#8220;Laudato Si&#8221;; esperienze e testimonianze a confronto&#8221;. Presenzier\u00e0 tra i relatori anche Don Giacomo Cordioli. In allegato trovate il programma. Cari saluti. Il Consiglio Etica ed Economia [&hellip;]<\/p>\n","protected":false},"author":1,"featured_media":0,"comment_status":"closed","ping_status":"open","sticky":false,"template":"","format":"standard","meta":{"footnotes":""},"categories":[13],"tags":[],"_links":{"self":[{"href":"http:\/\/eticaeconomiafratelvittorino.it\/index.php?rest_route=\/wp\/v2\/posts\/1"}],"collection":[{"href":"http:\/\/eticaeconomiafratelvittorino.it\/index.php?rest_route=\/wp\/v2\/posts"}],"about":[{"href":"http:\/\/eticaeconomiafratelvittorino.it\/index.php?rest_route=\/wp\/v2\/types\/post"}],"author":[{"embeddable":true,"href":"http:\/\/eticaeconomiafratelvittorino.it\/index.php?rest_route=\/wp\/v2\/users\/1"}],"replies":[{"embeddable":true,"href":"http:\/\/eticaeconomiafratelvittorino.it\/index.php?rest_route=%2Fwp%2Fv2%2Fcomments&post=1"}],"version-history":[{"count":50,"href":"http:\/\/eticaeconomiafratelvittorino.it\/index.php?rest_route=\/wp\/v2\/posts\/1\/revisions"}],"predecessor-version":[{"id":1279,"href":"http:\/\/eticaeconomiafratelvittorino.it\/index.php?rest_route=\/wp\/v2\/posts\/1\/revisions\/1279"}],"wp:attachment":[{"href":"http:\/\/eticaeconomiafratelvittorino.it\/index.php?rest_route=%2Fwp%2Fv2%2Fmedia&parent=1"}],"wp:term":[{"taxonomy":"category","embeddable":true,"href":"http:\/\/eticaeconomiafratelvittorino.it\/index.php?rest_route=%2Fwp%2Fv2%2Fcategories&post=1"},{"taxonomy":"post_tag","embeddable":true,"href":"http:\/\/eticaeconomiafratelvittorino.it\/index.php?rest_route=%2Fwp%2Fv2%2Ftags&post=1"}],"curies":[{"name":"wp","href":"https:\/\/api.w.org\/{rel}","templated":true}]}}